{"id":30889,"date":"2024-11-21T22:57:40","date_gmt":"2024-11-22T02:57:40","guid":{"rendered":"https:\/\/expressaoms.com.br\/?p=30889"},"modified":"2024-11-21T22:57:40","modified_gmt":"2024-11-22T02:57:40","slug":"governador-se-reune-com-secretarios-para-avaliar-projetos-e-ja-inicia-planejamento-para-2025","status":"publish","type":"post","link":"https:\/\/expressaoms.com.br\/index.php\/2024\/11\/21\/governador-se-reune-com-secretarios-para-avaliar-projetos-e-ja-inicia-planejamento-para-2025\/","title":{"rendered":"Governador se re\u00fane com secret\u00e1rios para avaliar projetos e j\u00e1 inicia planejamento para 2025"},"content":{"rendered":"<p>Com foco no planejamento para 2025, o governador Eduardo Riedel promoveu um dia de reuni\u00f5es com secret\u00e1rios estaduais para avaliar os projetos em andamento e alinhar as prioridades de cada pasta, j\u00e1 pensando nas estrat\u00e9gias para o ano que vem. O foco \u00e9 oferecer melhores entregas \u00e0 popula\u00e7\u00e3o.<\/p>\n<p>Um dos temas tratados foram as emendas parlamentares federais, que v\u00e3o contribuir para os investimentos em diferentes setores do Estado.<\/p>\n<p>&#8220;Tivemos um dia de reuni\u00f5es produtivas em grandes \u00e1reas do Governo do Estado. S\u00e3o projetos transversais, que complementam o outro em diferentes \u00e1reas e pol\u00edticas p\u00fablicas. Podemos definir os grandes projetos para 2025&#8221;, afirmou o governador, ao final das reuni\u00f5es que ocorreram na quarta-feira (20), no Gabinete do Receptivo.<\/p>\n<p>Riedel complementou que haver\u00e1 mais reuni\u00f5es em breve, inclusive com a bancada federal, onde ser\u00e3o apresentados os projetos do Governo. &#8220;Assim podemos convergir em torno de bons projetos para Mato Grosso do Sul. Quem vai se beneficiar \u00e9 a nossa popula\u00e7\u00e3o&#8221;, disse.<\/p>\n<div id=\"gallery-1\" class=\"gallery galleryid-496478 gallery-columns-3 gallery-size-large\">\n<figure class=\"gallery-item\">\n<div class=\"gallery-icon landscape\"><a href=\"https:\/\/agenciadenoticias.ms.gov.br\/wp-content\/uploads\/2024\/11\/Fotos-Alvaro-Rezende-5-1-scaled.jpg\"><img fetchpriority=\"high\" decoding=\"async\" class=\"attachment-large size-large\" src=\"https:\/\/agenciadenoticias.ms.gov.br\/wp-content\/uploads\/2024\/11\/Fotos-Alvaro-Rezende-5-1-1024x683.jpg\" sizes=\"(max-width: 1024px) 100vw, 1024px\" srcset=\"https:\/\/agenciadenoticias.ms.gov.br\/wp-content\/uploads\/2024\/11\/Fotos-Alvaro-Rezende-5-1-1024x683.jpg 1024w, https:\/\/agenciadenoticias.ms.gov.br\/wp-content\/uploads\/2024\/11\/Fotos-Alvaro-Rezende-5-1-300x200.jpg 300w, https:\/\/agenciadenoticias.ms.gov.br\/wp-content\/uploads\/2024\/11\/Fotos-Alvaro-Rezende-5-1-768x512.jpg 768w, https:\/\/agenciadenoticias.ms.gov.br\/wp-content\/uploads\/2024\/11\/Fotos-Alvaro-Rezende-5-1-1536x1024.jpg 1536w, https:\/\/agenciadenoticias.ms.gov.br\/wp-content\/uploads\/2024\/11\/Fotos-Alvaro-Rezende-5-1-2048x1365.jpg 2048w, https:\/\/agenciadenoticias.ms.gov.br\/wp-content\/uploads\/2024\/11\/Fotos-Alvaro-Rezende-5-1-350x232.jpg 350w, https:\/\/agenciadenoticias.ms.gov.br\/wp-content\/uploads\/2024\/11\/Fotos-Alvaro-Rezende-5-1-scaled.jpg 1920w\" alt=\"\" width=\"1024\" height=\"683\" \/><\/a><\/div>\n<\/figure>\n<figure class=\"gallery-item\">\n<div class=\"gallery-icon landscape\"><a href=\"https:\/\/agenciadenoticias.ms.gov.br\/wp-content\/uploads\/2024\/11\/Fotos-Alvaro-Rezende-11-1-scaled.jpg\"><img decoding=\"async\" class=\"attachment-large size-large\" src=\"https:\/\/agenciadenoticias.ms.gov.br\/wp-content\/uploads\/2024\/11\/Fotos-Alvaro-Rezende-11-1-1024x683.jpg\" sizes=\"(max-width: 1024px) 100vw, 1024px\" srcset=\"https:\/\/agenciadenoticias.ms.gov.br\/wp-content\/uploads\/2024\/11\/Fotos-Alvaro-Rezende-11-1-1024x683.jpg 1024w, https:\/\/agenciadenoticias.ms.gov.br\/wp-content\/uploads\/2024\/11\/Fotos-Alvaro-Rezende-11-1-300x200.jpg 300w, https:\/\/agenciadenoticias.ms.gov.br\/wp-content\/uploads\/2024\/11\/Fotos-Alvaro-Rezende-11-1-768x512.jpg 768w, https:\/\/agenciadenoticias.ms.gov.br\/wp-content\/uploads\/2024\/11\/Fotos-Alvaro-Rezende-11-1-1536x1024.jpg 1536w, https:\/\/agenciadenoticias.ms.gov.br\/wp-content\/uploads\/2024\/11\/Fotos-Alvaro-Rezende-11-1-2048x1365.jpg 2048w, https:\/\/agenciadenoticias.ms.gov.br\/wp-content\/uploads\/2024\/11\/Fotos-Alvaro-Rezende-11-1-350x232.jpg 350w, https:\/\/agenciadenoticias.ms.gov.br\/wp-content\/uploads\/2024\/11\/Fotos-Alvaro-Rezende-11-1-scaled.jpg 1920w\" alt=\"\" width=\"1024\" height=\"683\" \/><\/a><\/div>\n<\/figure>\n<figure class=\"gallery-item\">\n<div class=\"gallery-icon landscape\"><a href=\"https:\/\/agenciadenoticias.ms.gov.br\/wp-content\/uploads\/2024\/11\/Fotos-Alvaro-Rezende-10-1-scaled.jpg\"><img decoding=\"async\" class=\"attachment-large size-large\" src=\"https:\/\/agenciadenoticias.ms.gov.br\/wp-content\/uploads\/2024\/11\/Fotos-Alvaro-Rezende-10-1-1024x683.jpg\" sizes=\"auto, (max-width: 1024px) 100vw, 1024px\" srcset=\"https:\/\/agenciadenoticias.ms.gov.br\/wp-content\/uploads\/2024\/11\/Fotos-Alvaro-Rezende-10-1-1024x683.jpg 1024w, https:\/\/agenciadenoticias.ms.gov.br\/wp-content\/uploads\/2024\/11\/Fotos-Alvaro-Rezende-10-1-300x200.jpg 300w, https:\/\/agenciadenoticias.ms.gov.br\/wp-content\/uploads\/2024\/11\/Fotos-Alvaro-Rezende-10-1-768x512.jpg 768w, https:\/\/agenciadenoticias.ms.gov.br\/wp-content\/uploads\/2024\/11\/Fotos-Alvaro-Rezende-10-1-1536x1024.jpg 1536w, https:\/\/agenciadenoticias.ms.gov.br\/wp-content\/uploads\/2024\/11\/Fotos-Alvaro-Rezende-10-1-2048x1365.jpg 2048w, https:\/\/agenciadenoticias.ms.gov.br\/wp-content\/uploads\/2024\/11\/Fotos-Alvaro-Rezende-10-1-350x232.jpg 350w, https:\/\/agenciadenoticias.ms.gov.br\/wp-content\/uploads\/2024\/11\/Fotos-Alvaro-Rezende-10-1-scaled.jpg 1920w\" alt=\"\" width=\"1024\" height=\"683\" \/><\/a><\/div>\n<\/figure>\n<figure class=\"gallery-item\">\n<div class=\"gallery-icon landscape\"><a href=\"https:\/\/agenciadenoticias.ms.gov.br\/wp-content\/uploads\/2024\/11\/Fotos-Alvaro-Rezende-6-1-scaled.jpg\"><img loading=\"lazy\" decoding=\"async\" class=\"attachment-large size-large\" src=\"https:\/\/agenciadenoticias.ms.gov.br\/wp-content\/uploads\/2024\/11\/Fotos-Alvaro-Rezende-6-1-1024x683.jpg\" sizes=\"auto, (max-width: 1024px) 100vw, 1024px\" srcset=\"https:\/\/agenciadenoticias.ms.gov.br\/wp-content\/uploads\/2024\/11\/Fotos-Alvaro-Rezende-6-1-1024x683.jpg 1024w, https:\/\/agenciadenoticias.ms.gov.br\/wp-content\/uploads\/2024\/11\/Fotos-Alvaro-Rezende-6-1-300x200.jpg 300w, https:\/\/agenciadenoticias.ms.gov.br\/wp-content\/uploads\/2024\/11\/Fotos-Alvaro-Rezende-6-1-768x512.jpg 768w, https:\/\/agenciadenoticias.ms.gov.br\/wp-content\/uploads\/2024\/11\/Fotos-Alvaro-Rezende-6-1-1536x1024.jpg 1536w, https:\/\/agenciadenoticias.ms.gov.br\/wp-content\/uploads\/2024\/11\/Fotos-Alvaro-Rezende-6-1-2048x1365.jpg 2048w, https:\/\/agenciadenoticias.ms.gov.br\/wp-content\/uploads\/2024\/11\/Fotos-Alvaro-Rezende-6-1-350x232.jpg 350w, https:\/\/agenciadenoticias.ms.gov.br\/wp-content\/uploads\/2024\/11\/Fotos-Alvaro-Rezende-6-1-scaled.jpg 1920w\" alt=\"\" width=\"1024\" height=\"683\" \/><\/a><\/div>\n<\/figure>\n<figure class=\"gallery-item\">\n<div class=\"gallery-icon landscape\"><a href=\"https:\/\/agenciadenoticias.ms.gov.br\/wp-content\/uploads\/2024\/11\/Fotos-Alvaro-Rezende-9-1-scaled.jpg\"><img loading=\"lazy\" decoding=\"async\" class=\"attachment-large size-large\" src=\"https:\/\/agenciadenoticias.ms.gov.br\/wp-content\/uploads\/2024\/11\/Fotos-Alvaro-Rezende-9-1-1024x683.jpg\" sizes=\"auto, (max-width: 1024px) 100vw, 1024px\" srcset=\"https:\/\/agenciadenoticias.ms.gov.br\/wp-content\/uploads\/2024\/11\/Fotos-Alvaro-Rezende-9-1-1024x683.jpg 1024w, https:\/\/agenciadenoticias.ms.gov.br\/wp-content\/uploads\/2024\/11\/Fotos-Alvaro-Rezende-9-1-300x200.jpg 300w, https:\/\/agenciadenoticias.ms.gov.br\/wp-content\/uploads\/2024\/11\/Fotos-Alvaro-Rezende-9-1-768x512.jpg 768w, https:\/\/agenciadenoticias.ms.gov.br\/wp-content\/uploads\/2024\/11\/Fotos-Alvaro-Rezende-9-1-1536x1024.jpg 1536w, https:\/\/agenciadenoticias.ms.gov.br\/wp-content\/uploads\/2024\/11\/Fotos-Alvaro-Rezende-9-1-2048x1365.jpg 2048w, https:\/\/agenciadenoticias.ms.gov.br\/wp-content\/uploads\/2024\/11\/Fotos-Alvaro-Rezende-9-1-350x232.jpg 350w, https:\/\/agenciadenoticias.ms.gov.br\/wp-content\/uploads\/2024\/11\/Fotos-Alvaro-Rezende-9-1-scaled.jpg 1920w\" alt=\"\" width=\"1024\" height=\"683\" \/><\/a><\/div>\n<\/figure>\n<figure class=\"gallery-item\">\n<div class=\"gallery-icon landscape\"><a href=\"https:\/\/agenciadenoticias.ms.gov.br\/wp-content\/uploads\/2024\/11\/Fotos-Alvaro-Rezende-7-scaled.jpg\"><img loading=\"lazy\" decoding=\"async\" class=\"attachment-large size-large\" src=\"https:\/\/agenciadenoticias.ms.gov.br\/wp-content\/uploads\/2024\/11\/Fotos-Alvaro-Rezende-7-1024x683.jpg\" sizes=\"auto, (max-width: 1024px) 100vw, 1024px\" srcset=\"https:\/\/agenciadenoticias.ms.gov.br\/wp-content\/uploads\/2024\/11\/Fotos-Alvaro-Rezende-7-1024x683.jpg 1024w, https:\/\/agenciadenoticias.ms.gov.br\/wp-content\/uploads\/2024\/11\/Fotos-Alvaro-Rezende-7-300x200.jpg 300w, https:\/\/agenciadenoticias.ms.gov.br\/wp-content\/uploads\/2024\/11\/Fotos-Alvaro-Rezende-7-768x512.jpg 768w, https:\/\/agenciadenoticias.ms.gov.br\/wp-content\/uploads\/2024\/11\/Fotos-Alvaro-Rezende-7-1536x1024.jpg 1536w, https:\/\/agenciadenoticias.ms.gov.br\/wp-content\/uploads\/2024\/11\/Fotos-Alvaro-Rezende-7-2048x1365.jpg 2048w, https:\/\/agenciadenoticias.ms.gov.br\/wp-content\/uploads\/2024\/11\/Fotos-Alvaro-Rezende-7-350x232.jpg 350w, https:\/\/agenciadenoticias.ms.gov.br\/wp-content\/uploads\/2024\/11\/Fotos-Alvaro-Rezende-7-scaled.jpg 1920w\" alt=\"\" width=\"1024\" height=\"683\" \/><\/a><\/div>\n<\/figure>\n<\/div>\n<p>Mato Grosso do Sul \u00e9 um dos estados que mais conseguiu aplicar recursos de emendas de bancada federal em projetos estruturantes e investimentos essenciais, fato ressaltado pelo governador. &#8220;Quando h\u00e1 esta converg\u00eancia entre Poder Executivo e Legislativo, temos condi\u00e7\u00f5es de aplicar nos munic\u00edpios, que \u00e9 onde as pessoas moram, atendemos melhor o sul-mato-grossense&#8221;.<\/p>\n<p>O secret\u00e1rio de Governo e Gest\u00e3o Estrat\u00e9gica, Rodrigo Perez, participou de todas as reuni\u00f5es com os demais gestores. Na sua avalia\u00e7\u00e3o o Governo do Estado tem uma linha de trabalho voltada para os resultados. \u201cImportante medirmos e avaliarmos nosso trabalho para garantir que nosso plano de governo esteja sendo cumprido e a popula\u00e7\u00e3o recebendo melhorias em todas as \u00e1reas\u201d.<\/p>\n<p>Para alinhar os trabalhos e promover um planejamento eficiente, o Governo do Estado tamb\u00e9m promove os \u201ccontratos de gest\u00e3o\u201d com todas as secret\u00e1rias, funda\u00e7\u00f5es e autarquias, definindo os projetos que ser\u00e3o prioridades de cada pasta ao longo do ano. Durante este processo s\u00e3o avaliadas que a\u00e7\u00f5es est\u00e3o tendo resultados e rota precisa ser corrigida.<\/p>\n<p>Com foco no plano de governo, a gest\u00e3o estadual tem como eixos estrat\u00e9gicos a busca por um Estado verde, digital, pr\u00f3spero e inclusivo, que tenha como objetivo n\u00e3o deixar ningu\u00e9m para tr\u00e1s. Os bons \u00edndices de investimentos permitem ainda que o Estado possa atender as demandas dos 79 munic\u00edpios.<\/p>\n","protected":false},"excerpt":{"rendered":"<p>Com foco no planejamento para 2025, o governador Eduardo Riedel promoveu um dia de reuni\u00f5es com secret\u00e1rios estaduais para avaliar os projetos em andamento e alinhar as prioridades de cada pasta, j\u00e1 pensando nas estrat\u00e9gias para o ano que vem. O foco \u00e9 oferecer melhores entregas \u00e0 popula\u00e7\u00e3o. Um dos temas tratados foram as emendas [&hellip;]<\/p>\n","protected":false},"author":2,"featured_media":30890,"comment_status":"open","ping_status":"open","sticky":false,"template":"","format":"standard","meta":{"om_disable_all_campaigns":false,"_monsterinsights_skip_tracking":false,"_monsterinsights_sitenote_active":false,"_monsterinsights_sitenote_note":"","_monsterinsights_sitenote_category":0,"footnotes":""},"categories":[266,42],"tags":[],"aioseo_notices":[],"_links":{"self":[{"href":"https:\/\/expressaoms.com.br\/index.php\/wp-json\/wp\/v2\/posts\/30889"}],"collection":[{"href":"https:\/\/expressaoms.com.br\/index.php\/wp-json\/wp\/v2\/posts"}],"about":[{"href":"https:\/\/expressaoms.com.br\/index.php\/wp-json\/wp\/v2\/types\/post"}],"author":[{"embeddable":true,"href":"https:\/\/expressaoms.com.br\/index.php\/wp-json\/wp\/v2\/users\/2"}],"replies":[{"embeddable":true,"href":"https:\/\/expressaoms.com.br\/index.php\/wp-json\/wp\/v2\/comments?post=30889"}],"version-history":[{"count":1,"href":"https:\/\/expressaoms.com.br\/index.php\/wp-json\/wp\/v2\/posts\/30889\/revisions"}],"predecessor-version":[{"id":30891,"href":"https:\/\/expressaoms.com.br\/index.php\/wp-json\/wp\/v2\/posts\/30889\/revisions\/30891"}],"wp:featuredmedia":[{"embeddable":true,"href":"https:\/\/expressaoms.com.br\/index.php\/wp-json\/wp\/v2\/media\/30890"}],"wp:attachment":[{"href":"https:\/\/expressaoms.com.br\/index.php\/wp-json\/wp\/v2\/media?parent=30889"}],"wp:term":[{"taxonomy":"category","embeddable":true,"href":"https:\/\/expressaoms.com.br\/index.php\/wp-json\/wp\/v2\/categories?post=30889"},{"taxonomy":"post_tag","embeddable":true,"href":"https:\/\/expressaoms.com.br\/index.php\/wp-json\/wp\/v2\/tags?post=30889"}],"curies":[{"name":"wp","href":"https:\/\/api.w.org\/{rel}","templated":true}]}}