{"id":30924,"date":"2024-11-23T11:02:01","date_gmt":"2024-11-23T15:02:01","guid":{"rendered":"https:\/\/expressaoms.com.br\/?p=30924"},"modified":"2024-11-23T11:05:27","modified_gmt":"2024-11-23T15:05:27","slug":"bitto-pereira-e-reeleito-presidente-da-oab-ms-em-eleicoes-acirradas","status":"publish","type":"post","link":"https:\/\/expressaoms.com.br\/index.php\/2024\/11\/23\/bitto-pereira-e-reeleito-presidente-da-oab-ms-em-eleicoes-acirradas\/","title":{"rendered":"Bitto Pereira \u00e9 reeleito presidente da OAB-MS em elei\u00e7\u00f5es acirradas"},"content":{"rendered":"<p>Na \u00faltima sexta-feira (22), o advogado Bitto Pereira, da chapa \u2018Pelo Futuro da OAB\u2019, conquistou sua reelei\u00e7\u00e3o \u00e0 presid\u00eancia da Ordem dos Advogados do Brasil \u2013 Seccional Mato Grosso do Sul (OAB-MS).<\/p>\n<p>A disputa, marcada por embates acalorados e decis\u00f5es judiciais sobre a veicula\u00e7\u00e3o de v\u00eddeos de campanha, refletiu a intensidade do processo eleitoral, que mobilizou advogados em todo o estado.As elei\u00e7\u00f5es para a escolha dos conselheiros estaduais e federais, al\u00e9m da diretoria para o tri\u00eanio 2025-2027, ocorreram na Capital e em mais 31 munic\u00edpios, com uma participa\u00e7\u00e3o significativa dos profissionais da advocacia.<\/p>\n<p>Dos 19.500 advogados inscritos, 8.867 compareceram \u00e0s urnas, representando aproximadamente 45% do total.O resultado das vota\u00e7\u00f5es foi divulgado oficialmente \u00e0s 18h30, cerca de uma hora e meia ap\u00f3s o in\u00edcio da apura\u00e7\u00e3o. Bitto Pereira obteve 5.041 votos, correspondendo a 59,51% dos votos v\u00e1lidos, enquanto seu advers\u00e1rio, Lucas Rosa, recebeu 3.429 votos (40,48%). A diferen\u00e7a entre os candidatos foi de 1.612 votos. A reelei\u00e7\u00e3o de Bitto foi confirmada em todas as subse\u00e7\u00f5es da OAB-MS, com 177 votos em branco e 220 nulos. Em Campo Grande, a disputa foi particularmente acirrada, com Bitto superando Lucas por apenas 212 votos.<\/p>\n<p>No interior do estado, a subse\u00e7\u00e3o de Camapu\u00e3 registrou a menor diferen\u00e7a entre os candidatos, com apenas 3 votos separando os dois. A vit\u00f3ria de Bitto Pereira representa a continuidade de sua gest\u00e3o \u00e0 frente da OAB-MS, e agora ele se prepara para liderar a entidade nos pr\u00f3ximos tr\u00eas anos, enfrentando os desafios e demandas da advocacia em Mato Grosso do Sul.<\/p>\n","protected":false},"excerpt":{"rendered":"<p>Na \u00faltima sexta-feira (22), o advogado Bitto Pereira, da chapa \u2018Pelo Futuro da OAB\u2019, conquistou sua reelei\u00e7\u00e3o \u00e0 presid\u00eancia da Ordem dos Advogados do Brasil \u2013 Seccional Mato Grosso do Sul (OAB-MS). A disputa, marcada por embates acalorados e decis\u00f5es judiciais sobre a veicula\u00e7\u00e3o de v\u00eddeos de campanha, refletiu a intensidade do processo eleitoral, que [&hellip;]<\/p>\n","protected":false},"author":2,"featured_media":30925,"comment_status":"open","ping_status":"open","sticky":false,"template":"","format":"standard","meta":{"om_disable_all_campaigns":false,"_monsterinsights_skip_tracking":false,"_monsterinsights_sitenote_active":false,"_monsterinsights_sitenote_note":"","_monsterinsights_sitenote_category":0,"footnotes":""},"categories":[37,266,42],"tags":[],"aioseo_notices":[],"_links":{"self":[{"href":"https:\/\/expressaoms.com.br\/index.php\/wp-json\/wp\/v2\/posts\/30924"}],"collection":[{"href":"https:\/\/expressaoms.com.br\/index.php\/wp-json\/wp\/v2\/posts"}],"about":[{"href":"https:\/\/expressaoms.com.br\/index.php\/wp-json\/wp\/v2\/types\/post"}],"author":[{"embeddable":true,"href":"https:\/\/expressaoms.com.br\/index.php\/wp-json\/wp\/v2\/users\/2"}],"replies":[{"embeddable":true,"href":"https:\/\/expressaoms.com.br\/index.php\/wp-json\/wp\/v2\/comments?post=30924"}],"version-history":[{"count":3,"href":"https:\/\/expressaoms.com.br\/index.php\/wp-json\/wp\/v2\/posts\/30924\/revisions"}],"predecessor-version":[{"id":30928,"href":"https:\/\/expressaoms.com.br\/index.php\/wp-json\/wp\/v2\/posts\/30924\/revisions\/30928"}],"wp:featuredmedia":[{"embeddable":true,"href":"https:\/\/expressaoms.com.br\/index.php\/wp-json\/wp\/v2\/media\/30925"}],"wp:attachment":[{"href":"https:\/\/expressaoms.com.br\/index.php\/wp-json\/wp\/v2\/media?parent=30924"}],"wp:term":[{"taxonomy":"category","embeddable":true,"href":"https:\/\/expressaoms.com.br\/index.php\/wp-json\/wp\/v2\/categories?post=30924"},{"taxonomy":"post_tag","embeddable":true,"href":"https:\/\/expressaoms.com.br\/index.php\/wp-json\/wp\/v2\/tags?post=30924"}],"curies":[{"name":"wp","href":"https:\/\/api.w.org\/{rel}","templated":true}]}}