{"id":30946,"date":"2024-11-25T10:06:49","date_gmt":"2024-11-25T14:06:49","guid":{"rendered":"https:\/\/expressaoms.com.br\/?p=30946"},"modified":"2024-11-25T10:06:49","modified_gmt":"2024-11-25T14:06:49","slug":"dia-nacional-do-doador-de-sangue-e-oportunidade-para-aumentar-estoques-do-hemosul","status":"publish","type":"post","link":"https:\/\/expressaoms.com.br\/index.php\/2024\/11\/25\/dia-nacional-do-doador-de-sangue-e-oportunidade-para-aumentar-estoques-do-hemosul\/","title":{"rendered":"Dia Nacional do Doador de Sangue \u00e9 oportunidade para aumentar estoques do Hemosul"},"content":{"rendered":"<p>Para intensificar as doa\u00e7\u00f5es de sangue como parte das a\u00e7\u00f5es do\u00a0Dia Nacional do Doador de Sangue, celebrado nesta segunda-feira (25), o Hemosul Coordenador, em Campo Grande, recebe volunt\u00e1rios durante toda a semana.<\/p>\n<p>O m\u00eas de novembro foi escolhido por preceder um per\u00edodo de estoques baixos, proximidade das f\u00e9rias, de datas comemorativas de fim de ano, carnaval e outros per\u00edodos de feriados prolongados. O sangue doado \u00e9 utilizado para pessoas com doen\u00e7as hematol\u00f3gicas variadas e c\u00e2ncer, pessoas que se submetem a cirurgias eletivas de grande porte e para emerg\u00eancias.<\/p>\n<p>Os doadores regulares de sangue, ou aqueles que fazem pela primeira vez, relatam a alegria de poder ajudar. \u201cMinha m\u00e3e sempre contou que quando nascemos de sete meses de gesta\u00e7\u00e3o, eu e minha irm\u00e3 g\u00eamea, a medicina dizia que ou ela ou n\u00f3s sair\u00edamos vivas. Todas precisamos de sangue na \u00e9poca. Desde muito nova eu pensei que seria justo se eu, que recebi doa\u00e7\u00e3o de sangue, retribu\u00edsse para ajudar, agradecer de alguma forma\u201d, disse a estudante Hilda Beatriz Fernandes, 19 anos.<\/p>\n<p><a href=\"https:\/\/agenciadenoticias.ms.gov.br\/wp-content\/uploads\/2024\/11\/Joao-Ricardo-doador-de-sangue_Hemosul-2024.jpeg\"><img fetchpriority=\"high\" decoding=\"async\" class=\"aligncenter size-full wp-image-496774\" src=\"https:\/\/agenciadenoticias.ms.gov.br\/wp-content\/uploads\/2024\/11\/Joao-Ricardo-doador-de-sangue_Hemosul-2024.jpeg\" sizes=\"(max-width: 720px) 100vw, 720px\" srcset=\"https:\/\/agenciadenoticias.ms.gov.br\/wp-content\/uploads\/2024\/11\/Joao-Ricardo-doador-de-sangue_Hemosul-2024.jpeg 720w, https:\/\/agenciadenoticias.ms.gov.br\/wp-content\/uploads\/2024\/11\/Joao-Ricardo-doador-de-sangue_Hemosul-2024-300x300.jpeg 300w, https:\/\/agenciadenoticias.ms.gov.br\/wp-content\/uploads\/2024\/11\/Joao-Ricardo-doador-de-sangue_Hemosul-2024-150x150.jpeg 150w, https:\/\/agenciadenoticias.ms.gov.br\/wp-content\/uploads\/2024\/11\/Joao-Ricardo-doador-de-sangue_Hemosul-2024-241x240.jpeg 241w\" alt=\"\" width=\"720\" height=\"717\" \/><\/a><\/p>\n<p>Para demonstrar agradecimento ou marcar uma nova etapa de vida, a doa\u00e7\u00e3o de sangue tamb\u00e9m \u00e9 a escolha de outras pessoas que procuram o Hemosul. H\u00e1 duas semanas, no dia 11 de novembro, Jo\u00e3o Ricardo comemorou o anivers\u00e1rio de 16 anos de um jeito diferente, ele escolheu doar sangue. \u201cObrigada a toda a equipe do Hemosul pelo carinho e aten\u00e7\u00e3o a n\u00f3s e a todos os doadores\u201d, disse a m\u00e3e dele, Rosyane Vasques, que tamb\u00e9m doou sangue, mostrando que solidariedade \u00e9 um presente que transforma vidas.<\/p>\n<p>Vit\u00f3ria Lima de Arruda, 18 anos, tamb\u00e9m foi outra jovem que comemorou da mesma maneira. \u201cAmei, obrigada. Estou ansiosa pela pr\u00f3xima\u201d, disse ela quando doou sangue pela primeira vez, em outubro.<\/p>\n<p>&#8220;O Dia Nacional do Doador de Sangue, comemorado hoje, dia 25 de novembro, \u00e9 muito especial para que n\u00f3s possamos homenagear os nossos queridos doadores. Na verdade, consideramos todos os dias, o dia do doador, porque \u00e9 uma doa\u00e7\u00e3o altru\u00edsta, na qual ele doa uma parte muito importante de si, o sangue. Por isso hoje temos uma decora\u00e7\u00e3o e lanche especiais e alguns mimos para os doadores, e em alguns locais programa\u00e7\u00f5es especiais&#8221;, disse Marina Sawada Torres, coordenadora da Rede Hemosul MS.<\/p>\n<div id=\"gallery-1\" class=\"gallery galleryid-496773 gallery-columns-2 gallery-size-full\">\n<figure class=\"gallery-item\">\n<div class=\"gallery-icon landscape\"><a href=\"https:\/\/agenciadenoticias.ms.gov.br\/wp-content\/uploads\/2023\/02\/Hemosul-Foto-Bruno-Rezende.jpg\"><img decoding=\"async\" class=\"attachment-full size-full\" src=\"https:\/\/agenciadenoticias.ms.gov.br\/wp-content\/uploads\/2023\/02\/Hemosul-Foto-Bruno-Rezende.jpg\" sizes=\"(max-width: 1978px) 100vw, 1978px\" srcset=\"https:\/\/agenciadenoticias.ms.gov.br\/wp-content\/uploads\/2023\/02\/Hemosul-Foto-Bruno-Rezende.jpg 1978w, https:\/\/agenciadenoticias.ms.gov.br\/wp-content\/uploads\/2023\/02\/Hemosul-Foto-Bruno-Rezende-300x166.jpg 300w, https:\/\/agenciadenoticias.ms.gov.br\/wp-content\/uploads\/2023\/02\/Hemosul-Foto-Bruno-Rezende-768x425.jpg 768w, https:\/\/agenciadenoticias.ms.gov.br\/wp-content\/uploads\/2023\/02\/Hemosul-Foto-Bruno-Rezende-1024x567.jpg 1024w, https:\/\/agenciadenoticias.ms.gov.br\/wp-content\/uploads\/2023\/02\/Hemosul-Foto-Bruno-Rezende-350x194.jpg 350w\" alt=\"\" width=\"1978\" height=\"1095\" \/><\/a><\/div>\n<\/figure>\n<figure class=\"gallery-item\">\n<div class=\"gallery-icon landscape\"><a href=\"https:\/\/agenciadenoticias.ms.gov.br\/wp-content\/uploads\/2023\/02\/Hemosul-Foto-Bruno-Rezende-04.jpg\"><img decoding=\"async\" class=\"attachment-full size-full\" src=\"https:\/\/agenciadenoticias.ms.gov.br\/wp-content\/uploads\/2023\/02\/Hemosul-Foto-Bruno-Rezende-04.jpg\" sizes=\"auto, (max-width: 1978px) 100vw, 1978px\" srcset=\"https:\/\/agenciadenoticias.ms.gov.br\/wp-content\/uploads\/2023\/02\/Hemosul-Foto-Bruno-Rezende-04.jpg 1978w, https:\/\/agenciadenoticias.ms.gov.br\/wp-content\/uploads\/2023\/02\/Hemosul-Foto-Bruno-Rezende-04-300x166.jpg 300w, https:\/\/agenciadenoticias.ms.gov.br\/wp-content\/uploads\/2023\/02\/Hemosul-Foto-Bruno-Rezende-04-768x425.jpg 768w, https:\/\/agenciadenoticias.ms.gov.br\/wp-content\/uploads\/2023\/02\/Hemosul-Foto-Bruno-Rezende-04-1024x567.jpg 1024w, https:\/\/agenciadenoticias.ms.gov.br\/wp-content\/uploads\/2023\/02\/Hemosul-Foto-Bruno-Rezende-04-350x194.jpg 350w\" alt=\"\" width=\"1978\" height=\"1095\" aria-describedby=\"gallery-1-423061\" \/><\/a><\/div><figcaption id=\"gallery-1-423061\" class=\"wp-caption-text gallery-caption\">Fotos: Bruno Rezende<\/figcaption><\/figure>\n<\/div>\n<p><strong>Dicas para doa\u00e7\u00f5es<\/strong><\/p>\n<p>Para quem for doar sangue pela primeira vez, observe algumas dicas importantes para tornar a experi\u00eancia simples e segura:<\/p>\n<p>&#8211; \u00c9 necess\u00e1rio ter entre 16 e 69 anos (menores de 18 precisam de autoriza\u00e7\u00e3o dos respons\u00e1veis e a primeira doa\u00e7\u00e3o deve ser at\u00e9 60 anos \u2013 ap\u00f3s esta idade, a doa\u00e7\u00e3o pode ser feita apenas por pessoas que j\u00e1 s\u00e3o doadores), pesar 51 kg ou mais, e estar em boas condi\u00e7\u00f5es de sa\u00fade;<\/p>\n<p>&#8211; Durma bem na noite anterior e fa\u00e7a uma refei\u00e7\u00e3o leve antes da doa\u00e7\u00e3o. Evite alimentos gordurosos nas quatro horas que antecedem;<\/p>\n<p>&#8211; Beba bastante \u00e1gua antes da doa\u00e7\u00e3o para facilitar o processo;<\/p>\n<p>&#8211; \u00c9 essencial apresentar um documento oficial com foto;<\/p>\n<p>&#8211; Ap\u00f3s a doa\u00e7\u00e3o, descanse e evite esfor\u00e7os f\u00edsicos nas primeiras horas.<\/p>\n<p>Atualmente o estoque de sangue tipos O- e O+ est\u00e1 em falta no Hemosul Coordenador. Para doar basta comparecer \u00e0 unidade \u2013 ou no per\u00edodo matutino nos postos de coleta localizados na Santa Casa e no Hospital Regional \u2013 com documentos pessoais, estar bem alimentado e bem de sa\u00fade.<\/p>\n<p>O Hemosul tamb\u00e9m refor\u00e7a que doen\u00e7as respirat\u00f3rias deixam o doador inapto enquanto estiver doente. Homens podem doar sangue at\u00e9 quatro vezes ao ano com intervalo m\u00ednimo de dois meses. Mulheres podem doar at\u00e9 tr\u00eas, com intervalo m\u00ednimo de tr\u00eas meses.<\/p>\n<p><strong>Servi\u00e7o<\/strong><\/p>\n<p>O Hemosul Coordenador fica na Av. Fernando Corr\u00eaa da Costa, 1304. O funcionamento \u00e9 das 7h \u00e0s 17h de segunda a sexta, e das 7h \u00e0s 12h no s\u00e1bado. Os telefones para contato s\u00e3o 3312-1517 e 99298-6316 (WhatsApp).<\/p>\n","protected":false},"excerpt":{"rendered":"<p>Para intensificar as doa\u00e7\u00f5es de sangue como parte das a\u00e7\u00f5es do\u00a0Dia Nacional do Doador de Sangue, celebrado nesta segunda-feira (25), o Hemosul Coordenador, em Campo Grande, recebe volunt\u00e1rios durante toda a semana. O m\u00eas de novembro foi escolhido por preceder um per\u00edodo de estoques baixos, proximidade das f\u00e9rias, de datas comemorativas de fim de ano, [&hellip;]<\/p>\n","protected":false},"author":2,"featured_media":30947,"comment_status":"open","ping_status":"open","sticky":false,"template":"","format":"standard","meta":{"om_disable_all_campaigns":false,"_monsterinsights_skip_tracking":false,"_monsterinsights_sitenote_active":false,"_monsterinsights_sitenote_note":"","_monsterinsights_sitenote_category":0,"footnotes":""},"categories":[36,48],"tags":[],"aioseo_notices":[],"_links":{"self":[{"href":"https:\/\/expressaoms.com.br\/index.php\/wp-json\/wp\/v2\/posts\/30946"}],"collection":[{"href":"https:\/\/expressaoms.com.br\/index.php\/wp-json\/wp\/v2\/posts"}],"about":[{"href":"https:\/\/expressaoms.com.br\/index.php\/wp-json\/wp\/v2\/types\/post"}],"author":[{"embeddable":true,"href":"https:\/\/expressaoms.com.br\/index.php\/wp-json\/wp\/v2\/users\/2"}],"replies":[{"embeddable":true,"href":"https:\/\/expressaoms.com.br\/index.php\/wp-json\/wp\/v2\/comments?post=30946"}],"version-history":[{"count":1,"href":"https:\/\/expressaoms.com.br\/index.php\/wp-json\/wp\/v2\/posts\/30946\/revisions"}],"predecessor-version":[{"id":30948,"href":"https:\/\/expressaoms.com.br\/index.php\/wp-json\/wp\/v2\/posts\/30946\/revisions\/30948"}],"wp:featuredmedia":[{"embeddable":true,"href":"https:\/\/expressaoms.com.br\/index.php\/wp-json\/wp\/v2\/media\/30947"}],"wp:attachment":[{"href":"https:\/\/expressaoms.com.br\/index.php\/wp-json\/wp\/v2\/media?parent=30946"}],"wp:term":[{"taxonomy":"category","embeddable":true,"href":"https:\/\/expressaoms.com.br\/index.php\/wp-json\/wp\/v2\/categories?post=30946"},{"taxonomy":"post_tag","embeddable":true,"href":"https:\/\/expressaoms.com.br\/index.php\/wp-json\/wp\/v2\/tags?post=30946"}],"curies":[{"name":"wp","href":"https:\/\/api.w.org\/{rel}","templated":true}]}}