{"id":30968,"date":"2024-11-25T17:11:32","date_gmt":"2024-11-25T21:11:32","guid":{"rendered":"https:\/\/expressaoms.com.br\/?p=30968"},"modified":"2024-11-25T17:11:32","modified_gmt":"2024-11-25T21:11:32","slug":"cantata-de-natal-da-cultura-de-tres-lagoas-sera-nesta-quinta-feira-28","status":"publish","type":"post","link":"https:\/\/expressaoms.com.br\/index.php\/2024\/11\/25\/cantata-de-natal-da-cultura-de-tres-lagoas-sera-nesta-quinta-feira-28\/","title":{"rendered":"\u201cCantata de Natal\u201d da Cultura de Tr\u00eas Lagoas ser\u00e1 nesta quinta-feira (28)"},"content":{"rendered":"<p data-raofz=\"16\">Continuando as festividades natalinas da Secretaria Municipal de Educa\u00e7\u00e3o e Cultura (SEMEC), a Diretoria Municipal de Cultura realiza, nesta quinta-feira, 28 de novembro, a noite m\u00e1gica e inesquec\u00edvel da \u201cCantata de Natal\u201d, no Galp\u00e3o da N.O.B., \u00e0s 19h30.<\/p>\n<p data-raofz=\"16\">Neste espet\u00e1culo, s\u00e3o celebrados os sentimentos mais puros que o Natal desperta: a uni\u00e3o das fam\u00edlias, a generosidade, o amor ao pr\u00f3ximo e a paz que tanto buscamos. Com lindas can\u00e7\u00f5es e uma atmosfera repleta de luz, vamos juntos reviver a hist\u00f3ria do nascimento de Jesus e espalhar a mensagem de que, mesmo nas noites mais escuras, sempre h\u00e1 uma estrela a nos guiar.<\/p>\n<p data-raofz=\"16\">Confira o restante da programa\u00e7\u00e3o:<\/p>\n<p data-raofz=\"16\">Evento: Luz, C\u00e2mera e M\u00fasica \u2013 \u201cViolinistas e Orquestra Municipal de Tr\u00eas Lagoas\u201d<br \/>\nData: 03\/12<br \/>\nLocal: Diretoria de Cultura<br \/>\nHor\u00e1rio: 19h<\/p>\n<p data-raofz=\"16\">Evento: Dan\u00e7a \u201cAs Quatro Esta\u00e7\u00f5es\u201d<br \/>\nData: 06\/12 e 07\/12<br \/>\nLocal: Galp\u00e3o da N.O.B.<br \/>\nHor\u00e1rio: 19h30<\/p>\n<p data-raofz=\"16\">Evento: Teatro \u201cClick \u2013 Divers\u00e3o Fora da Tela\u201d<br \/>\nData: 13\/12<br \/>\nLocal: Galp\u00e3o da N.O.B.<br \/>\nHor\u00e1rio: 19h<\/p>\n","protected":false},"excerpt":{"rendered":"<p>Continuando as festividades natalinas da Secretaria Municipal de Educa\u00e7\u00e3o e Cultura (SEMEC), a Diretoria Municipal de Cultura realiza, nesta quinta-feira, 28 de novembro, a noite m\u00e1gica e inesquec\u00edvel da \u201cCantata de Natal\u201d, no Galp\u00e3o da N.O.B., \u00e0s 19h30. Neste espet\u00e1culo, s\u00e3o celebrados os sentimentos mais puros que o Natal desperta: a uni\u00e3o das fam\u00edlias, a [&hellip;]<\/p>\n","protected":false},"author":2,"featured_media":30969,"comment_status":"open","ping_status":"open","sticky":false,"template":"","format":"standard","meta":{"om_disable_all_campaigns":false,"_monsterinsights_skip_tracking":false,"_monsterinsights_sitenote_active":false,"_monsterinsights_sitenote_note":"","_monsterinsights_sitenote_category":0,"footnotes":""},"categories":[36,48],"tags":[],"aioseo_notices":[],"_links":{"self":[{"href":"https:\/\/expressaoms.com.br\/index.php\/wp-json\/wp\/v2\/posts\/30968"}],"collection":[{"href":"https:\/\/expressaoms.com.br\/index.php\/wp-json\/wp\/v2\/posts"}],"about":[{"href":"https:\/\/expressaoms.com.br\/index.php\/wp-json\/wp\/v2\/types\/post"}],"author":[{"embeddable":true,"href":"https:\/\/expressaoms.com.br\/index.php\/wp-json\/wp\/v2\/users\/2"}],"replies":[{"embeddable":true,"href":"https:\/\/expressaoms.com.br\/index.php\/wp-json\/wp\/v2\/comments?post=30968"}],"version-history":[{"count":1,"href":"https:\/\/expressaoms.com.br\/index.php\/wp-json\/wp\/v2\/posts\/30968\/revisions"}],"predecessor-version":[{"id":30970,"href":"https:\/\/expressaoms.com.br\/index.php\/wp-json\/wp\/v2\/posts\/30968\/revisions\/30970"}],"wp:featuredmedia":[{"embeddable":true,"href":"https:\/\/expressaoms.com.br\/index.php\/wp-json\/wp\/v2\/media\/30969"}],"wp:attachment":[{"href":"https:\/\/expressaoms.com.br\/index.php\/wp-json\/wp\/v2\/media?parent=30968"}],"wp:term":[{"taxonomy":"category","embeddable":true,"href":"https:\/\/expressaoms.com.br\/index.php\/wp-json\/wp\/v2\/categories?post=30968"},{"taxonomy":"post_tag","embeddable":true,"href":"https:\/\/expressaoms.com.br\/index.php\/wp-json\/wp\/v2\/tags?post=30968"}],"curies":[{"name":"wp","href":"https:\/\/api.w.org\/{rel}","templated":true}]}}