{"id":30971,"date":"2024-11-25T17:12:23","date_gmt":"2024-11-25T21:12:23","guid":{"rendered":"https:\/\/expressaoms.com.br\/?p=30971"},"modified":"2024-11-25T17:12:23","modified_gmt":"2024-11-25T21:12:23","slug":"unidades-de-saude-de-tres-lagoas-ajustam-cronograma-para-vacinacao-contra-febre-amarela-entada-o-motivo","status":"publish","type":"post","link":"https:\/\/expressaoms.com.br\/index.php\/2024\/11\/25\/unidades-de-saude-de-tres-lagoas-ajustam-cronograma-para-vacinacao-contra-febre-amarela-entada-o-motivo\/","title":{"rendered":"Unidades de Sa\u00fade de Tr\u00eas Lagoas ajustam cronograma para vacina\u00e7\u00e3o contra febre amarela. Entada o motivo"},"content":{"rendered":"<p data-raofz=\"16\">A Prefeitura de Tr\u00eas Lagoas, por meio da Secretaria Municipal de Sa\u00fade (SMS), informa que, devido a desafios no abastecimento nacional da vacina contra a febre amarela, o cronograma de aplica\u00e7\u00e3o da imuniza\u00e7\u00e3o precisar\u00e1 ser ajustado temporariamente nas unidades de sa\u00fade do munic\u00edpio.<\/p>\n<p data-raofz=\"16\">De acordo com o Minist\u00e9rio da Sa\u00fade (MS), o fornecimento da vacina foi impactado pela paralisa\u00e7\u00e3o da produ\u00e7\u00e3o pelo laborat\u00f3rio respons\u00e1vel, que est\u00e1 realizando adequa\u00e7\u00f5es no controle de qualidade. Essa interrup\u00e7\u00e3o inesperada comprometeu o cronograma de entregas, colocando o imunobiol\u00f3gico em situa\u00e7\u00e3o de estoque restrito em todo o pa\u00eds.<\/p>\n<p data-raofz=\"16\"><strong>MUDAN\u00c7A NO ATENDIMENTO EM TR\u00caS LAGOAS<\/strong><\/p>\n<p data-raofz=\"16\">Para otimizar o uso das doses dispon\u00edveis e evitar desperd\u00edcios, as unidades de sa\u00fade de Tr\u00eas Lagoas adotar\u00e3o um sistema de revezamento em dias espec\u00edficos da semana para aplica\u00e7\u00e3o da vacina contra a febre amarela. Essa medida \u00e9 necess\u00e1ria porque cada frasco do imunizante cont\u00e9m at\u00e9 10 doses, que devem ser utilizadas em at\u00e9 6 horas ap\u00f3s a abertura.<\/p>\n<p data-raofz=\"16\">Com o novo esquema, a SMS busca garantir que a vacina\u00e7\u00e3o continue de forma eficiente, atendendo \u00e0 popula\u00e7\u00e3o enquanto aguarda a regulariza\u00e7\u00e3o dos estoques a n\u00edvel nacional por parte do Minist\u00e9rio da Sa\u00fade.<\/p>\n<p data-raofz=\"16\"><strong>RETORNO \u00c0 NORMALIDADE\u00a0<\/strong><\/p>\n<p data-raofz=\"16\">Assim que os estoques forem normalizados pelo Minist\u00e9rio da Sa\u00fade, a vacina\u00e7\u00e3o retornar\u00e1 \u00e0 regularidade, sendo novamente ofertada todos os dias da semana nas unidades de sa\u00fade do munic\u00edpio.<\/p>\n<p data-raofz=\"16\"><strong>CRONOGRAMA<\/strong><\/p>\n<p data-raofz=\"16\">Veja abaixo, a lista de dias em que cada Unidade de Sa\u00fade da Rede Municipal de Sa\u00fade oferecer\u00e3o vacina\u00e7\u00e3o contra a febre amarela.<\/p>\n<div class=\"ead-preview\" data-raofz=\"16\">\n<p class=\"embed_download\" data-raofz=\"16\"><a role=\"link\" href=\"http:\/\/www.treslagoas.ms.gov.br\/wp-content\/uploads\/2024\/11\/CRONOGRAMA-DE-VACINACAO-CONTRA-FEBRE-AMARELA.pdf\" download=\"\" data-raofz=\"16\">Download [169.00 B]<\/a><\/p>\n<\/div>\n","protected":false},"excerpt":{"rendered":"<p>A Prefeitura de Tr\u00eas Lagoas, por meio da Secretaria Municipal de Sa\u00fade (SMS), informa que, devido a desafios no abastecimento nacional da vacina contra a febre amarela, o cronograma de aplica\u00e7\u00e3o da imuniza\u00e7\u00e3o precisar\u00e1 ser ajustado temporariamente nas unidades de sa\u00fade do munic\u00edpio. De acordo com o Minist\u00e9rio da Sa\u00fade (MS), o fornecimento da vacina [&hellip;]<\/p>\n","protected":false},"author":2,"featured_media":30972,"comment_status":"open","ping_status":"open","sticky":false,"template":"","format":"standard","meta":{"om_disable_all_campaigns":false,"_monsterinsights_skip_tracking":false,"_monsterinsights_sitenote_active":false,"_monsterinsights_sitenote_note":"","_monsterinsights_sitenote_category":0,"footnotes":""},"categories":[36,44,48],"tags":[],"aioseo_notices":[],"_links":{"self":[{"href":"https:\/\/expressaoms.com.br\/index.php\/wp-json\/wp\/v2\/posts\/30971"}],"collection":[{"href":"https:\/\/expressaoms.com.br\/index.php\/wp-json\/wp\/v2\/posts"}],"about":[{"href":"https:\/\/expressaoms.com.br\/index.php\/wp-json\/wp\/v2\/types\/post"}],"author":[{"embeddable":true,"href":"https:\/\/expressaoms.com.br\/index.php\/wp-json\/wp\/v2\/users\/2"}],"replies":[{"embeddable":true,"href":"https:\/\/expressaoms.com.br\/index.php\/wp-json\/wp\/v2\/comments?post=30971"}],"version-history":[{"count":1,"href":"https:\/\/expressaoms.com.br\/index.php\/wp-json\/wp\/v2\/posts\/30971\/revisions"}],"predecessor-version":[{"id":30973,"href":"https:\/\/expressaoms.com.br\/index.php\/wp-json\/wp\/v2\/posts\/30971\/revisions\/30973"}],"wp:featuredmedia":[{"embeddable":true,"href":"https:\/\/expressaoms.com.br\/index.php\/wp-json\/wp\/v2\/media\/30972"}],"wp:attachment":[{"href":"https:\/\/expressaoms.com.br\/index.php\/wp-json\/wp\/v2\/media?parent=30971"}],"wp:term":[{"taxonomy":"category","embeddable":true,"href":"https:\/\/expressaoms.com.br\/index.php\/wp-json\/wp\/v2\/categories?post=30971"},{"taxonomy":"post_tag","embeddable":true,"href":"https:\/\/expressaoms.com.br\/index.php\/wp-json\/wp\/v2\/tags?post=30971"}],"curies":[{"name":"wp","href":"https:\/\/api.w.org\/{rel}","templated":true}]}}