{"id":30974,"date":"2024-11-25T15:12:35","date_gmt":"2024-11-25T19:12:35","guid":{"rendered":"https:\/\/expressaoms.com.br\/?p=30974"},"modified":"2024-11-25T17:13:15","modified_gmt":"2024-11-25T21:13:15","slug":"smas-realiza-blitz-em-alusao-ao-dia-internacional-da-nao-violencia-contra-a-mulher-e-a-campanha-16-dias-de-ativismo","status":"publish","type":"post","link":"https:\/\/expressaoms.com.br\/index.php\/2024\/11\/25\/smas-realiza-blitz-em-alusao-ao-dia-internacional-da-nao-violencia-contra-a-mulher-e-a-campanha-16-dias-de-ativismo\/","title":{"rendered":"SMAS realiza blitz em alus\u00e3o ao \u201cDia Internacional da N\u00e3o Viol\u00eancia Contra a Mulher\u201d e \u00e0 Campanha \u201c16 Dias de Ativismo\u201d"},"content":{"rendered":"<p data-raofz=\"16\">A Secretaria Municipal de Assist\u00eancia Social (SMAS), por meio do Centro de Refer\u00eancia de Atendimento \u00e0 Mulher (CRAM), em parceria com o Departamento Municipal de Tr\u00e2nsito (Deptran), realizou, nesta segunda-feira, 25 de novembro, uma blitz educativa em alus\u00e3o ao \u201cDia Internacional da N\u00e3o Viol\u00eancia Contra a Mulher\u201d e \u00e0 Campanha \u201c16 Dias de Ativismo\u201d.<\/p>\n<p data-raofz=\"16\">A a\u00e7\u00e3o aconteceu na Avenida Ros\u00e1rio Congro, em frente \u00e0 pra\u00e7a do Ramez Tebet. Durante a atividade, 90 condutores foram abordados, recebendo folders e orienta\u00e7\u00f5es sobre o tema. O objetivo da campanha \u00e9 promover a conscientiza\u00e7\u00e3o sobre a viol\u00eancia de g\u00eanero, especialmente contra as mulheres, e refor\u00e7ar a import\u00e2ncia de erradicar todas as formas de abuso e discrimina\u00e7\u00e3o.<\/p>\n<p data-raofz=\"16\">A campanha continua at\u00e9 o dia 5 de dezembro, com v\u00e1rias outras a\u00e7\u00f5es programadas pela cidade. Convidamos toda a sociedade a participar dos \u201c16 Dias de Ativismo pelo Fim da Viol\u00eancia Contra as Mulheres\u201d. Confira a programa\u00e7\u00e3o:<\/p>\n<p data-raofz=\"16\">A\u00e7\u00e3o: Grupo Caf\u00e9 com Prosa Especial<br \/>\nLocal: Centro de Refer\u00eancia de Atendimento \u00e0 Mulher (CRAM) \u2013 Rua Joaquim Martins, 603. Santos Dumont<br \/>\nData: 29\/11<br \/>\nHor\u00e1rio: 13h30<\/p>\n<p data-raofz=\"16\">A\u00e7\u00e3o: Stand de orienta\u00e7\u00e3o, a\u00e7\u00e3o em parceria com IST;<br \/>\nLocal: Sede IST<br \/>\nData: 30\/11<br \/>\nHor\u00e1rio: 07h \u00e0s 13h<\/p>\n<p data-raofz=\"16\">A\u00e7\u00e3o: Palestra na empresa Petrobras em refer\u00eancia ao Dia Nacional de Mobiliza\u00e7\u00e3o dos Homens pelo fim da Viol\u00eancia contra as Mulheres.<br \/>\nLocal: Petrobras<br \/>\nData: 05\/12<br \/>\nHor\u00e1rio: 07h \u00e0s 8h<\/p>\n<p data-raofz=\"16\">\n","protected":false},"excerpt":{"rendered":"<p>A Secretaria Municipal de Assist\u00eancia Social (SMAS), por meio do Centro de Refer\u00eancia de Atendimento \u00e0 Mulher (CRAM), em parceria com o Departamento Municipal de Tr\u00e2nsito (Deptran), realizou, nesta segunda-feira, 25 de novembro, uma blitz educativa em alus\u00e3o ao \u201cDia Internacional da N\u00e3o Viol\u00eancia Contra a Mulher\u201d e \u00e0 Campanha \u201c16 Dias de Ativismo\u201d. A [&hellip;]<\/p>\n","protected":false},"author":2,"featured_media":30975,"comment_status":"open","ping_status":"open","sticky":false,"template":"","format":"standard","meta":{"om_disable_all_campaigns":false,"_monsterinsights_skip_tracking":false,"_monsterinsights_sitenote_active":false,"_monsterinsights_sitenote_note":"","_monsterinsights_sitenote_category":0,"footnotes":""},"categories":[36,48],"tags":[],"aioseo_notices":[],"_links":{"self":[{"href":"https:\/\/expressaoms.com.br\/index.php\/wp-json\/wp\/v2\/posts\/30974"}],"collection":[{"href":"https:\/\/expressaoms.com.br\/index.php\/wp-json\/wp\/v2\/posts"}],"about":[{"href":"https:\/\/expressaoms.com.br\/index.php\/wp-json\/wp\/v2\/types\/post"}],"author":[{"embeddable":true,"href":"https:\/\/expressaoms.com.br\/index.php\/wp-json\/wp\/v2\/users\/2"}],"replies":[{"embeddable":true,"href":"https:\/\/expressaoms.com.br\/index.php\/wp-json\/wp\/v2\/comments?post=30974"}],"version-history":[{"count":1,"href":"https:\/\/expressaoms.com.br\/index.php\/wp-json\/wp\/v2\/posts\/30974\/revisions"}],"predecessor-version":[{"id":30976,"href":"https:\/\/expressaoms.com.br\/index.php\/wp-json\/wp\/v2\/posts\/30974\/revisions\/30976"}],"wp:featuredmedia":[{"embeddable":true,"href":"https:\/\/expressaoms.com.br\/index.php\/wp-json\/wp\/v2\/media\/30975"}],"wp:attachment":[{"href":"https:\/\/expressaoms.com.br\/index.php\/wp-json\/wp\/v2\/media?parent=30974"}],"wp:term":[{"taxonomy":"category","embeddable":true,"href":"https:\/\/expressaoms.com.br\/index.php\/wp-json\/wp\/v2\/categories?post=30974"},{"taxonomy":"post_tag","embeddable":true,"href":"https:\/\/expressaoms.com.br\/index.php\/wp-json\/wp\/v2\/tags?post=30974"}],"curies":[{"name":"wp","href":"https:\/\/api.w.org\/{rel}","templated":true}]}}