{"id":30977,"date":"2024-11-25T17:13:57","date_gmt":"2024-11-25T21:13:57","guid":{"rendered":"https:\/\/expressaoms.com.br\/?p=30977"},"modified":"2024-11-25T17:13:57","modified_gmt":"2024-11-25T21:13:57","slug":"pre-matricula-de-novos-estudantes-da-reme-em-2025-comeca-no-dia-2-de-dezembro","status":"publish","type":"post","link":"https:\/\/expressaoms.com.br\/index.php\/2024\/11\/25\/pre-matricula-de-novos-estudantes-da-reme-em-2025-comeca-no-dia-2-de-dezembro\/","title":{"rendered":"Pr\u00e9-matr\u00edcula de novos estudantes da REME em 2025 come\u00e7a no dia 2 de dezembro"},"content":{"rendered":"<p data-raofz=\"16\">No dia 2 de dezembro inicia o prazo para que os pais e respons\u00e1veis realizem a pr\u00e9-matr\u00edcula de novos estudantes da Rede Municipal de Ensino (REME) de Tr\u00eas Lagoas para o ano letivo de 2025. \u00c9 importante que os pais fiquem atentos aos prazos e documenta\u00e7\u00f5es necess\u00e1rias para participar do processo.<\/p>\n<p data-raofz=\"16\">Este \u00e9 o nono ano do processo de matr\u00edcula implantado pela atual gest\u00e3o municipal. A meta do munic\u00edpio \u00e9 matricular 17.000 estudantes no pr\u00f3ximo ano, tanto de rematr\u00edcula como matr\u00edcula nova, sendo que a rede oferece vagas para a Educa\u00e7\u00e3o Infantil (Creche) e (Pr\u00e9-escola); Ensino Fundamental I, Ensino Fundamental II e Educa\u00e7\u00e3o de Jovens e Adultos (PAA).<\/p>\n<p data-raofz=\"16\"><strong>ORIENTA\u00c7\u00d5ES<\/strong><\/p>\n<p data-raofz=\"16\">Para realizar a pr\u00e9-matr\u00edcula\u00a0<em><strong>(dispon\u00edvel apenas a partir de 2 de dezembro)<\/strong><\/em>\u00a0\u00e9 s\u00f3 acessar o endere\u00e7o\u00a0<strong><em><a role=\"link\" href=\"http:\/\/treslagoas.ms.gov.br\/matriculareme\/\" data-raofz=\"16\">treslagoas.ms.gov.br\/matriculareme\/<\/a><\/em><\/strong>\u00a0e clicar em acessar pr\u00e9-matr\u00edcula. Em seguida, preencher as informa\u00e7\u00f5es sobre o estudante com a etapa de ensino e informar 3 Unidades de Ensino diferentes.<br \/>\nO preenchimento de 3 op\u00e7\u00f5es diferentes possibilitar\u00e1 uma maior chance de sele\u00e7\u00e3o para a matr\u00edcula. O pai ou respons\u00e1vel dever\u00e1 colocar as Unidades de Ensino mais pr\u00f3ximas de seu endere\u00e7o.<\/p>\n<p data-raofz=\"16\">\u00c9 importante destacar que este \u00e9 o processo de pr\u00e9-matr\u00edcula dos estudantes, e que ap\u00f3s o prazo inicial ser\u00e3o designados para as unidades escolares que ir\u00e3o estudar ao longo do ano letivo de 2025. A garantia da vaga na unidade se d\u00e1 a partir do momento que os pais efetivarem a matr\u00edcula da crian\u00e7a.<\/p>\n<p data-raofz=\"16\"><strong>REALIZAR PR\u00c9-MATR\u00cdCULA PRESENCIALMENTE<\/strong><\/p>\n<p data-raofz=\"16\">Al\u00e9m da op\u00e7\u00e3o de realizar a pr\u00e9-matr\u00edcula pela internet, os pais ou respons\u00e1veis que prefiram ou tenham alguma dificuldade com o meio digital, podem comparecer com os documentos indicados\u00a0<em><strong>AQUI<\/strong><\/em>\u00a0na Central de Matr\u00edculas da REME e realizar o cadastro presencialmente com suporte de um servidor da SEMEC.<\/p>\n<p><strong>PRAZOS E DATAS<br \/>\n<\/strong><br \/>\nO calend\u00e1rio das datas de designa\u00e7\u00e3o e prazo para matr\u00edcula ser\u00e3o informados posteriormente pela p\u00e1gina\u00a0<em><strong><a role=\"link\" href=\"http:\/\/treslagoas.ms.gov.br\/matriculareme\/\" data-raofz=\"16\">treslagoas.ms.gov.br\/matriculareme\/<\/a><\/strong><\/em>\u00a0e na Central de Matr\u00edcula.<\/p>\n<p data-raofz=\"16\"><strong>MAIS INFORMA\u00c7\u00d5ES<\/strong><br \/>\nCentral de Matr\u00edcula \u2013 Rua Alexandre Costa, 130 \u2013 Centro | Telefone ou Whatsapp: (67) 9 9257-2101<\/p>\n","protected":false},"excerpt":{"rendered":"<p>No dia 2 de dezembro inicia o prazo para que os pais e respons\u00e1veis realizem a pr\u00e9-matr\u00edcula de novos estudantes da Rede Municipal de Ensino (REME) de Tr\u00eas Lagoas para o ano letivo de 2025. \u00c9 importante que os pais fiquem atentos aos prazos e documenta\u00e7\u00f5es necess\u00e1rias para participar do processo. Este \u00e9 o nono [&hellip;]<\/p>\n","protected":false},"author":2,"featured_media":30978,"comment_status":"open","ping_status":"open","sticky":false,"template":"","format":"standard","meta":{"om_disable_all_campaigns":false,"_monsterinsights_skip_tracking":false,"_monsterinsights_sitenote_active":false,"_monsterinsights_sitenote_note":"","_monsterinsights_sitenote_category":0,"footnotes":""},"categories":[32,36,48],"tags":[],"aioseo_notices":[],"_links":{"self":[{"href":"https:\/\/expressaoms.com.br\/index.php\/wp-json\/wp\/v2\/posts\/30977"}],"collection":[{"href":"https:\/\/expressaoms.com.br\/index.php\/wp-json\/wp\/v2\/posts"}],"about":[{"href":"https:\/\/expressaoms.com.br\/index.php\/wp-json\/wp\/v2\/types\/post"}],"author":[{"embeddable":true,"href":"https:\/\/expressaoms.com.br\/index.php\/wp-json\/wp\/v2\/users\/2"}],"replies":[{"embeddable":true,"href":"https:\/\/expressaoms.com.br\/index.php\/wp-json\/wp\/v2\/comments?post=30977"}],"version-history":[{"count":1,"href":"https:\/\/expressaoms.com.br\/index.php\/wp-json\/wp\/v2\/posts\/30977\/revisions"}],"predecessor-version":[{"id":30979,"href":"https:\/\/expressaoms.com.br\/index.php\/wp-json\/wp\/v2\/posts\/30977\/revisions\/30979"}],"wp:featuredmedia":[{"embeddable":true,"href":"https:\/\/expressaoms.com.br\/index.php\/wp-json\/wp\/v2\/media\/30978"}],"wp:attachment":[{"href":"https:\/\/expressaoms.com.br\/index.php\/wp-json\/wp\/v2\/media?parent=30977"}],"wp:term":[{"taxonomy":"category","embeddable":true,"href":"https:\/\/expressaoms.com.br\/index.php\/wp-json\/wp\/v2\/categories?post=30977"},{"taxonomy":"post_tag","embeddable":true,"href":"https:\/\/expressaoms.com.br\/index.php\/wp-json\/wp\/v2\/tags?post=30977"}],"curies":[{"name":"wp","href":"https:\/\/api.w.org\/{rel}","templated":true}]}}