{"id":30980,"date":"2024-11-25T15:14:03","date_gmt":"2024-11-25T19:14:03","guid":{"rendered":"https:\/\/expressaoms.com.br\/?p=30980"},"modified":"2024-11-25T17:14:36","modified_gmt":"2024-11-25T21:14:36","slug":"feira-central-de-tres-lagoas-comemora-3-anos-com-o-2o-festival-de-comida-de-feira","status":"publish","type":"post","link":"https:\/\/expressaoms.com.br\/index.php\/2024\/11\/25\/feira-central-de-tres-lagoas-comemora-3-anos-com-o-2o-festival-de-comida-de-feira\/","title":{"rendered":"Feira Central de Tr\u00eas Lagoas comemora 3 anos com o 2\u00ba Festival de Comida de Feira"},"content":{"rendered":"<p data-raofz=\"16\">Para comemorar o anivers\u00e1rio de tr\u00eas anos da Feira Central Tur\u00edstica de Tr\u00eas Lagoas, a Secretaria Municipal de Desenvolvimento Econ\u00f4mico, Ci\u00eancia, Tecnologia e Turismo (SEDECTT), por meio da Diretoria de Turismo em parceria com a Diretoria de Cultura da Secretaria Municipal de Educa\u00e7\u00e3o e Cultura (SEMEC), realizar\u00e1 o \u201c2\u00ba Festival de Comida de Feira\u201d. O evento ocorrer\u00e1 na Feira Central 02 a 11 de dezembro, oferecendo uma experi\u00eancia \u00fanica da culin\u00e1ria regional brasileira.<\/p>\n<p data-raofz=\"16\">A a\u00e7\u00e3o tem como objetivo valorizar o patrim\u00f4nio cultural da gastronomia, promover a visibilidade dos cozinheiros e cozinheiras de feiras, incentivar a comercializa\u00e7\u00e3o de produtos locais, divulgar o uso do espa\u00e7o p\u00fablico e proporcionar lazer e entretenimento \u00e0 popula\u00e7\u00e3o.<\/p>\n<p data-raofz=\"16\">Todos os feirantes da Pra\u00e7a de Alimenta\u00e7\u00e3o participar\u00e3o do festival gratuitamente. Vale ressaltar que a feira funcionar\u00e1 normalmente em seus hor\u00e1rios, nas segundas, quartas e sextas-feiras, das 17h \u00e0s 22h, e aos s\u00e1bados, das 5h \u00e0s 12h.<\/p>\n<p data-raofz=\"16\">CONFIRA A AGENDA<\/p>\n<p data-raofz=\"16\">Data: 02\/12\/2024 \u2013 segunda-feira<br \/>\nHor\u00e1rio: 17h<br \/>\nAbertura Oficial \u00e0s 19h<\/p>\n<p data-raofz=\"16\">Data: 04\/12\/2024 \u2013 quarta-feira<br \/>\nA partir das 17h.<\/p>\n<p data-raofz=\"16\">Data: 06\/12\/2024 \u2013 sexta-feira<br \/>\nA partir das 17h.<br \/>\nApresenta\u00e7\u00e3o Musical as 19:30h.<\/p>\n<p data-raofz=\"16\">Data: 07\/12\/2024 \u2013 s\u00e1bado<br \/>\nHor\u00e1rio: a partir das 7h<\/p>\n<p data-raofz=\"16\">Data: 09\/12\/2024\u2013 segunda-feira<br \/>\nA partir das 17h.<\/p>\n<p data-raofz=\"16\">Data: 11\/12\/2024\u2013 quarta-feira<br \/>\n\u00c0 partir das 17h.<\/p>\n","protected":false},"excerpt":{"rendered":"<p>Para comemorar o anivers\u00e1rio de tr\u00eas anos da Feira Central Tur\u00edstica de Tr\u00eas Lagoas, a Secretaria Municipal de Desenvolvimento Econ\u00f4mico, Ci\u00eancia, Tecnologia e Turismo (SEDECTT), por meio da Diretoria de Turismo em parceria com a Diretoria de Cultura da Secretaria Municipal de Educa\u00e7\u00e3o e Cultura (SEMEC), realizar\u00e1 o \u201c2\u00ba Festival de Comida de Feira\u201d. O [&hellip;]<\/p>\n","protected":false},"author":2,"featured_media":30981,"comment_status":"open","ping_status":"open","sticky":false,"template":"","format":"standard","meta":{"om_disable_all_campaigns":false,"_monsterinsights_skip_tracking":false,"_monsterinsights_sitenote_active":false,"_monsterinsights_sitenote_note":"","_monsterinsights_sitenote_category":0,"footnotes":""},"categories":[36,48],"tags":[],"aioseo_notices":[],"_links":{"self":[{"href":"https:\/\/expressaoms.com.br\/index.php\/wp-json\/wp\/v2\/posts\/30980"}],"collection":[{"href":"https:\/\/expressaoms.com.br\/index.php\/wp-json\/wp\/v2\/posts"}],"about":[{"href":"https:\/\/expressaoms.com.br\/index.php\/wp-json\/wp\/v2\/types\/post"}],"author":[{"embeddable":true,"href":"https:\/\/expressaoms.com.br\/index.php\/wp-json\/wp\/v2\/users\/2"}],"replies":[{"embeddable":true,"href":"https:\/\/expressaoms.com.br\/index.php\/wp-json\/wp\/v2\/comments?post=30980"}],"version-history":[{"count":1,"href":"https:\/\/expressaoms.com.br\/index.php\/wp-json\/wp\/v2\/posts\/30980\/revisions"}],"predecessor-version":[{"id":30982,"href":"https:\/\/expressaoms.com.br\/index.php\/wp-json\/wp\/v2\/posts\/30980\/revisions\/30982"}],"wp:featuredmedia":[{"embeddable":true,"href":"https:\/\/expressaoms.com.br\/index.php\/wp-json\/wp\/v2\/media\/30981"}],"wp:attachment":[{"href":"https:\/\/expressaoms.com.br\/index.php\/wp-json\/wp\/v2\/media?parent=30980"}],"wp:term":[{"taxonomy":"category","embeddable":true,"href":"https:\/\/expressaoms.com.br\/index.php\/wp-json\/wp\/v2\/categories?post=30980"},{"taxonomy":"post_tag","embeddable":true,"href":"https:\/\/expressaoms.com.br\/index.php\/wp-json\/wp\/v2\/tags?post=30980"}],"curies":[{"name":"wp","href":"https:\/\/api.w.org\/{rel}","templated":true}]}}