{"id":30986,"date":"2024-11-25T17:18:06","date_gmt":"2024-11-25T21:18:06","guid":{"rendered":"https:\/\/expressaoms.com.br\/?p=30986"},"modified":"2024-11-25T17:18:06","modified_gmt":"2024-11-25T21:18:06","slug":"presidente-e-1o-secretario-da-alems-prestigiam-solenidade-dos-45-anos-da-fiems","status":"publish","type":"post","link":"https:\/\/expressaoms.com.br\/index.php\/2024\/11\/25\/presidente-e-1o-secretario-da-alems-prestigiam-solenidade-dos-45-anos-da-fiems\/","title":{"rendered":"Presidente e 1\u00ba secret\u00e1rio da ALEMS prestigiam solenidade dos 45 anos da Fiems"},"content":{"rendered":"<p>Na celebra\u00e7\u00e3o dos 45 anos da Federa\u00e7\u00e3o das Ind\u00fastrias de Mato Grosso do Sul (Fiems), o deputado e presidente da Assembleia Legislativa de Mato Grosso do Sul (ALEMS), Gerson Claro (PP) e o 1\u00ba secret\u00e1rio da Casa de Leis, deputado Paulo Corr\u00eaa (PSDB) representaram o Poder Legislativo, prestigiando\u00a0a solenidade, que aconteceu na \u00faltima sexta-feira (22), no Yotedy, em Campo Grande.<\/p>\n<p>O ex-governador de S\u00e3o Paulo e fundador Grupo de L\u00edderes Empresariais (LIDE), Jo\u00e3o Doria, recebeu a Comenda do M\u00e9rito Legislativo, por proposi\u00e7\u00e3o do deputado e 1\u00ba secret\u00e1rio, Paulo Corr\u00eaa. A Comenda do M\u00e9rito Legislativo \u00e9 uma das mais altas honrarias concedidas pela Assembleia Legislativa do Mato Grosso do Sul, sendo destinada a cidad\u00e3os que fazem a diferen\u00e7a para o desenvolvimento do Estado.<\/p>\n<p>Gerson Claro\u00a0destacou a parceria da Casa de Leis, o momento econ\u00f4mico vivido por Mato Grosso do Sul, e o trabalho realizado pela Fiems em fortalecer o crescimento do Estado. \u201cO Estado vive um momento de estabilidade pol\u00edtica e econ\u00f4mica, de busca de um equil\u00edbrio fiscal, diariamente e tamb\u00e9m de justi\u00e7a social, de n\u00e3o deixar de ningu\u00e9m para tr\u00e1s. A Assembleia Legislativa tem sido parceira no desenvolvimento, no debate de pol\u00edticas p\u00fablicas e eu tenho certeza que com esse ambiente constru\u00eddo no Mato Grosso do Sul, com esses apoios que a gente tem, n\u00f3s vamos continuar trabalhando por este estado que n\u00f3s sonhamos\u201d, disse Gerson Claro.<\/p>\n<p>O principal homenageado do evento foi o ex-presidente Michel Temer, com o Colar da Ordem do M\u00e9rito Industrial, honraria m\u00e1xima conferida pela Federa\u00e7\u00e3o das Ind\u00fastrias \u00e0s personalidades empresariais ou do meio pol\u00edtico que tenham se destacado no exerc\u00edcio profissional e contribu\u00eddo para o desenvolvimento do setor no Estado.<\/p>\n<p>O deputado Paulo Corr\u00eaa ressaltou a import\u00e2ncia do trabalho da Federa\u00e7\u00e3o das Ind\u00fastrias, e enalteceu as homenagens conferidas na solenidade. \u201cIsso se deve a essa administra\u00e7\u00e3o legal que o S\u00e9rgio Longen faz na Federa\u00e7\u00e3o das Ind\u00fastrias, que homenageia pessoas importantes, personalidades importantes, do cen\u00e1rio pol\u00edtico nacional. O presidente Temer \u00e9 o melhor presidente que esse Pa\u00eds j\u00e1 teve, agraciado por seu trabalho ao Pa\u00eds. Trazer aqui o Jo\u00e3o D\u00f3ria, que foi governador de S\u00e3o Paulo, meu companheiro de partido, \u00e9 uma honra. Ent\u00e3o a gente fica muito feliz de poder homenage\u00e1-lo, mas tamb\u00e9m aos empres\u00e1rios de destaque. \u00c9 gratificante estar aqui nesta noite, comemorando os 45 anos da Fiems. Parabenizamos meu amigo-irm\u00e3o, S\u00e9rgio Longen, e toda a diretoria pelo trabalho extraordin\u00e1rio, que transforma a ind\u00fastria na verdadeira locomotiva do crescimento do nosso Estado!\u201d, declarou.<\/p>\n","protected":false},"excerpt":{"rendered":"<p>Na celebra\u00e7\u00e3o dos 45 anos da Federa\u00e7\u00e3o das Ind\u00fastrias de Mato Grosso do Sul (Fiems), o deputado e presidente da Assembleia Legislativa de Mato Grosso do Sul (ALEMS), Gerson Claro (PP) e o 1\u00ba secret\u00e1rio da Casa de Leis, deputado Paulo Corr\u00eaa (PSDB) representaram o Poder Legislativo, prestigiando\u00a0a solenidade, que aconteceu na \u00faltima sexta-feira (22), [&hellip;]<\/p>\n","protected":false},"author":2,"featured_media":30987,"comment_status":"open","ping_status":"open","sticky":false,"template":"","format":"standard","meta":{"om_disable_all_campaigns":false,"_monsterinsights_skip_tracking":false,"_monsterinsights_sitenote_active":false,"_monsterinsights_sitenote_note":"","_monsterinsights_sitenote_category":0,"footnotes":""},"categories":[266,42],"tags":[],"aioseo_notices":[],"_links":{"self":[{"href":"https:\/\/expressaoms.com.br\/index.php\/wp-json\/wp\/v2\/posts\/30986"}],"collection":[{"href":"https:\/\/expressaoms.com.br\/index.php\/wp-json\/wp\/v2\/posts"}],"about":[{"href":"https:\/\/expressaoms.com.br\/index.php\/wp-json\/wp\/v2\/types\/post"}],"author":[{"embeddable":true,"href":"https:\/\/expressaoms.com.br\/index.php\/wp-json\/wp\/v2\/users\/2"}],"replies":[{"embeddable":true,"href":"https:\/\/expressaoms.com.br\/index.php\/wp-json\/wp\/v2\/comments?post=30986"}],"version-history":[{"count":1,"href":"https:\/\/expressaoms.com.br\/index.php\/wp-json\/wp\/v2\/posts\/30986\/revisions"}],"predecessor-version":[{"id":30988,"href":"https:\/\/expressaoms.com.br\/index.php\/wp-json\/wp\/v2\/posts\/30986\/revisions\/30988"}],"wp:featuredmedia":[{"embeddable":true,"href":"https:\/\/expressaoms.com.br\/index.php\/wp-json\/wp\/v2\/media\/30987"}],"wp:attachment":[{"href":"https:\/\/expressaoms.com.br\/index.php\/wp-json\/wp\/v2\/media?parent=30986"}],"wp:term":[{"taxonomy":"category","embeddable":true,"href":"https:\/\/expressaoms.com.br\/index.php\/wp-json\/wp\/v2\/categories?post=30986"},{"taxonomy":"post_tag","embeddable":true,"href":"https:\/\/expressaoms.com.br\/index.php\/wp-json\/wp\/v2\/tags?post=30986"}],"curies":[{"name":"wp","href":"https:\/\/api.w.org\/{rel}","templated":true}]}}