{"id":30989,"date":"2024-11-25T17:23:17","date_gmt":"2024-11-25T21:23:17","guid":{"rendered":"https:\/\/expressaoms.com.br\/?p=30989"},"modified":"2024-11-25T17:23:17","modified_gmt":"2024-11-25T21:23:17","slug":"arthur-mariano-e-talita-antunes-brilham-no-circuito-brasileiro-de-volei-de-praia-2024","status":"publish","type":"post","link":"https:\/\/expressaoms.com.br\/index.php\/2024\/11\/25\/arthur-mariano-e-talita-antunes-brilham-no-circuito-brasileiro-de-volei-de-praia-2024\/","title":{"rendered":"Arthur Mariano e Talita Antunes brilham no Circuito Brasileiro de V\u00f4lei de Praia 2024"},"content":{"rendered":"<p>O sul-mato-grossense Arthur da Silva Mariano fechou com chave de ouro a temporada 2024 do CBVP (Circuito Brasileiro de V\u00f4lei de Praia). Ao lado do parceiro Adrielson (PR), o atleta conquistou o t\u00edtulo nacional ao vencer a etapa final, disputada no \u00faltimo s\u00e1bado (23) na ic\u00f4nica Praia de Copacabana, no Rio de Janeiro. O feito rendeu a Arthur o bicampeonato no circuito, consolidando sua posi\u00e7\u00e3o de destaque no esporte nacional.<\/p>\n<p>Natural de Tr\u00eas Lagoas, Arthur \u00e9 benefici\u00e1rio do programa Bolsa Atleta, uma iniciativa do Governo de Mato Grosso do Sul que incentiva o esporte de alto rendimento. Para o jogador, o t\u00edtulo \u00e9 fruto de trabalho duro e dedica\u00e7\u00e3o:<\/p>\n<blockquote><p>\u201c\u00c9 muito gratificante terminar a temporada com mais um t\u00edtulo. Lutamos muito, sempre buscando evolu\u00e7\u00e3o em cada competi\u00e7\u00e3o, tanto no Mundial quanto no Brasileiro. Essa conquista coroa nosso esfor\u00e7o e tudo o que trabalhamos para melhorar. Agora \u00e9 hora de descansar e aproveitar a fam\u00edlia antes de retomar os treinos para os desafios de 2025\u201d, celebrou Arthur em entrevista \u00e0 CBV.<\/p><\/blockquote>\n<p>A regularidade foi a marca da campanha de Arthur e Adrielson ao longo das 10 etapas do Circuito. A dupla subiu ao p\u00f3dio em oito oportunidades, conquistando tr\u00eas ouros, duas pratas e dois bronzes. A jornada come\u00e7ou em fevereiro, em Campo Grande, na etapa inaugural realizada no Parque das Na\u00e7\u00f5es Ind\u00edgenas, e terminou com o t\u00edtulo em Copacabana, simbolizando uma temporada de evolu\u00e7\u00e3o constante.<\/p>\n<p><img fetchpriority=\"high\" decoding=\"async\" class=\" wp-image-30991 alignleft\" src=\"https:\/\/expressaoms.com.br\/wp-content\/uploads\/2024\/11\/DHA5536-scaled-1-1024x990-1.jpg\" alt=\"\" width=\"410\" height=\"397\" srcset=\"https:\/\/expressaoms.com.br\/wp-content\/uploads\/2024\/11\/DHA5536-scaled-1-1024x990-1.jpg 1024w, https:\/\/expressaoms.com.br\/wp-content\/uploads\/2024\/11\/DHA5536-scaled-1-1024x990-1-300x290.jpg 300w, https:\/\/expressaoms.com.br\/wp-content\/uploads\/2024\/11\/DHA5536-scaled-1-1024x990-1-768x743.jpg 768w, https:\/\/expressaoms.com.br\/wp-content\/uploads\/2024\/11\/DHA5536-scaled-1-1024x990-1-600x580.jpg 600w\" sizes=\"(max-width: 410px) 100vw, 410px\" \/><\/p>\n<p>Outro destaque sul-mato-grossense no CBVP foi Talita Antunes, de Aquidauana. Aos 42 anos, a experiente atleta, ao lado de Taiana (CE), garantiu o t\u00edtulo da temporada no naipe feminino. Talita tamb\u00e9m conquistou a medalha de bronze na etapa final e celebrou o quinto t\u00edtulo nacional de sua carreira, reafirmando seu protagonismo no v\u00f4lei de praia brasileiro.<\/p>\n<p>O secret\u00e1rio de Estado de Turismo, Esporte e Cultura, Marcelo Miranda, destacou o papel fundamental do Bolsa Atleta no sucesso de Arthur e Talita:<\/p>\n<blockquote><p>&#8220;O desempenho de atletas como Arthur Mariano demonstra como o investimento no esporte traz resultados concretos e engrandece o nome de Mato Grosso do Sul no cen\u00e1rio nacional. O Bolsa Atleta \u00e9 um compromisso com o futuro do esporte, permitindo que nossos talentos alcancem o mais alto n\u00edvel de desempenho. Estamos muito orgulhosos das conquistas de Arthur e Talita, que inspiram jovens de todo o estado a sonhar grande&#8221;, afirmou.<\/p><\/blockquote>\n<p>As conquistas de Arthur e Talita refor\u00e7am a for\u00e7a do v\u00f4lei de praia sul-mato-grossense e deixam um legado de inspira\u00e7\u00e3o para a pr\u00f3xima gera\u00e7\u00e3o de atletas.<\/p>\n","protected":false},"excerpt":{"rendered":"<p>O sul-mato-grossense Arthur da Silva Mariano fechou com chave de ouro a temporada 2024 do CBVP (Circuito Brasileiro de V\u00f4lei de Praia). Ao lado do parceiro Adrielson (PR), o atleta conquistou o t\u00edtulo nacional ao vencer a etapa final, disputada no \u00faltimo s\u00e1bado (23) na ic\u00f4nica Praia de Copacabana, no Rio de Janeiro. O feito [&hellip;]<\/p>\n","protected":false},"author":2,"featured_media":30990,"comment_status":"open","ping_status":"open","sticky":false,"template":"","format":"standard","meta":{"om_disable_all_campaigns":false,"_monsterinsights_skip_tracking":false,"_monsterinsights_sitenote_active":false,"_monsterinsights_sitenote_note":"","_monsterinsights_sitenote_category":0,"footnotes":""},"categories":[34,36,266,48],"tags":[],"aioseo_notices":[],"_links":{"self":[{"href":"https:\/\/expressaoms.com.br\/index.php\/wp-json\/wp\/v2\/posts\/30989"}],"collection":[{"href":"https:\/\/expressaoms.com.br\/index.php\/wp-json\/wp\/v2\/posts"}],"about":[{"href":"https:\/\/expressaoms.com.br\/index.php\/wp-json\/wp\/v2\/types\/post"}],"author":[{"embeddable":true,"href":"https:\/\/expressaoms.com.br\/index.php\/wp-json\/wp\/v2\/users\/2"}],"replies":[{"embeddable":true,"href":"https:\/\/expressaoms.com.br\/index.php\/wp-json\/wp\/v2\/comments?post=30989"}],"version-history":[{"count":1,"href":"https:\/\/expressaoms.com.br\/index.php\/wp-json\/wp\/v2\/posts\/30989\/revisions"}],"predecessor-version":[{"id":30992,"href":"https:\/\/expressaoms.com.br\/index.php\/wp-json\/wp\/v2\/posts\/30989\/revisions\/30992"}],"wp:featuredmedia":[{"embeddable":true,"href":"https:\/\/expressaoms.com.br\/index.php\/wp-json\/wp\/v2\/media\/30990"}],"wp:attachment":[{"href":"https:\/\/expressaoms.com.br\/index.php\/wp-json\/wp\/v2\/media?parent=30989"}],"wp:term":[{"taxonomy":"category","embeddable":true,"href":"https:\/\/expressaoms.com.br\/index.php\/wp-json\/wp\/v2\/categories?post=30989"},{"taxonomy":"post_tag","embeddable":true,"href":"https:\/\/expressaoms.com.br\/index.php\/wp-json\/wp\/v2\/tags?post=30989"}],"curies":[{"name":"wp","href":"https:\/\/api.w.org\/{rel}","templated":true}]}}