{"id":30993,"date":"2024-11-25T18:15:12","date_gmt":"2024-11-25T22:15:12","guid":{"rendered":"https:\/\/expressaoms.com.br\/?p=30993"},"modified":"2024-11-25T18:15:12","modified_gmt":"2024-11-25T22:15:12","slug":"campo-grande-sedia-evento-com-foco-em-conservacao-ambiental-no-pantanal","status":"publish","type":"post","link":"https:\/\/expressaoms.com.br\/index.php\/2024\/11\/25\/campo-grande-sedia-evento-com-foco-em-conservacao-ambiental-no-pantanal\/","title":{"rendered":"Campo Grande sedia evento com foco em conserva\u00e7\u00e3o ambiental no Pantanal"},"content":{"rendered":"<p>Nos dias 28 e 29 de novembro de 2024, Campo Grande ser\u00e1 palco do workshop \u201cInova\u00e7\u00e3o Agr\u00edcola e Adapta\u00e7\u00e3o Clim\u00e1tica: Boas Pr\u00e1ticas, Conserva\u00e7\u00e3o e Desenvolvimento Sustent\u00e1vel\u201d. O evento reunir\u00e1 representantes de governos locais e regionais, setor privado, setor produtivo e institui\u00e7\u00f5es de pesquisa no Museu das Culturas Dom Bosco.<\/p>\n<p>A programa\u00e7\u00e3o ter\u00e1 como foco central os impactos das mudan\u00e7as clim\u00e1ticas no agroneg\u00f3cio, a preserva\u00e7\u00e3o do bioma Pantanal e estrat\u00e9gias para promover um desenvolvimento sustent\u00e1vel que atenda \u00e0s demandas ambientais e sociais do Centro-Oeste brasileiro.<\/p>\n<p>O workshop \u00e9 uma realiza\u00e7\u00e3o do ICLEI \u2013 Governos Locais pela Sustentabilidade e do Consulado Geral da Alemanha em S\u00e3o Paulo, com apoio da Prefeitura Municipal de Campo Grande. O evento ser\u00e1 um espa\u00e7o de aprendizado e troca de experi\u00eancias, explorando as interse\u00e7\u00f5es entre produtividade agr\u00edcola, conserva\u00e7\u00e3o ambiental e inova\u00e7\u00e3o tecnol\u00f3gica.<\/p>\n<p><strong>A import\u00e2ncia do Pantanal para a regula\u00e7\u00e3o clim\u00e1tica<\/strong><\/p>\n<p>O workshop ocorre em um momento cr\u00edtico de discuss\u00f5es clim\u00e1ticas, no qual o Estado do Mato Grosso do Sul, com o bioma Pantanal, destaca-se pela sua relev\u00e2ncia estrat\u00e9gica para a preserva\u00e7\u00e3o da biodiversidade e regula\u00e7\u00e3o clim\u00e1tica global.<\/p>\n<p>Entre os destaques da programa\u00e7\u00e3o, est\u00e3o iniciativas como as hortas urbanas de Campo Grande, um exemplo de inova\u00e7\u00e3o social e ambiental, e parcerias estrat\u00e9gicas como os programas CityFood e Laborat\u00f3rio Urbano de Pol\u00edticas P\u00fablicas Alimentares (LUPPA), que integram as agendas de clima e biodiversidade.<\/p>\n<p>Ser\u00e3o realizados pain\u00e9is estrat\u00e9gicos sobre temas como agroneg\u00f3cio de baixo carbono, diagn\u00f3stico do Pantanal e as oportunidades trazidas por marcos regulat\u00f3rios internacionais para a transi\u00e7\u00e3o sustent\u00e1vel.<\/p>\n<p>\u201cO ICLEI vem caminhando numa trajet\u00f3ria consistente para auxiliar governos locais, Estados e territ\u00f3rios brasileiros, preparando-os para o enfrentamento das consequ\u00eancias da Mudan\u00e7a do Clima e na consolida\u00e7\u00e3o de cidades mais resilientes e sustent\u00e1veis. Estamos presentes nas principais confer\u00eancias globais. Recentemente na COP16, F\u00f3rum Urbano Mundial e G20. E nessa semana chegamos ao centro-oeste brasileiro para falar sobre inova\u00e7\u00e3o, boas pr\u00e1ticas, conserva\u00e7\u00e3o e desenvolvimento sustent\u00e1vel no Pantanal, bioma que exerce fundamental papel na regula\u00e7\u00e3o clim\u00e1tica do planeta\u201d, explica Rodrigo Perp\u00e9tuo, Secret\u00e1rio Executivo do ICLEI na Am\u00e9rica do Sul.<\/p>\n<p>Joseph Weiss, C\u00f4nsul-Geral Adjunto no Consulado Alem\u00e3o em S\u00e3o Paulo, fala sobre a import\u00e2ncia de promover pr\u00e1ticas sustent\u00e1veis: \u201cO ICLEI tem sua sede em Bonn, na Alemanha, mas este n\u00e3o \u00e9 o \u00fanico la\u00e7o que nos conecta. A preocupa\u00e7\u00e3o com o contexto de emerg\u00eancia clim\u00e1tica e a dedica\u00e7\u00e3o \u00e0 constru\u00e7\u00e3o e consolida\u00e7\u00e3o de pol\u00edticas ambientais que levem ao desenvolvimento sustent\u00e1vel nos aproxima ainda mais. Em um momento em que as agendas de Desenvolvimento Sustent\u00e1vel e Clima precisam estar cada vez mais pr\u00f3ximas, a singularidade do Pantanal e a urg\u00eancia em promover o debate sobre boas pr\u00e1ticas e inova\u00e7\u00e3o no setor agr\u00edcola, nos traz \u00e0 capital do Mato Grosso do Sul. Conectando representantes de governos, setores produtivos, terceiro setor e sociedade civil com o objetivo comum de fomentar a\u00e7\u00f5es transformadoras.\u201d<\/p>\n<p>O secret\u00e1rio municipal de Inova\u00e7\u00e3o, Desenvolvimento Econ\u00f4mico e Agroneg\u00f3cio, Ademar Silva Junior, destaca a import\u00e2ncia do evento: \u201cA parceria de Campo Grande com o ICLEI com vistas ao fortalecimento do agroneg\u00f3cio \u00e9 fundamental para o desenvolvimento econ\u00f4mico sustent\u00e1vel da nossa Capital. Temos realizado capacita\u00e7\u00f5es com os produtores visando ocupar espa\u00e7os nos mercados nacionais e internacionais e o workshop vem ao encontro dessa meta \u2013 consolidar Campo Grande como um polo do agroneg\u00f3cio sustent\u00e1vel\u201d.<\/p>\n<p><strong>Sobre o ICLEI \u2013 Governos Locais pela Sustentabilidade<\/strong><\/p>\n<p>O ICLEI \u2013 Governos Locais pela Sustentabilidade \u00e9 uma rede global de mais de 2.500 governos locais e regionais comprometida com o desenvolvimento urbano sustent\u00e1vel. Ativo em mais de 125 pa\u00edses, o ICLEI influencia as pol\u00edticas de sustentabilidade e impulsiona a a\u00e7\u00e3o para emiss\u00f5es zero, baseado na natureza, igualit\u00e1rio, resiliente e circular. A rede e sua equipe de especialistas trabalham juntos aos seus associados, oferecendo acesso a conhecimento, parcerias e capacita\u00e7\u00f5es para gerar mudan\u00e7as sist\u00eamicas em prol da sustentabilidade urbana. Atualmente, o ICLEI Am\u00e9rica do Sul conecta mais de 140 governos associados em oito pa\u00edses da regi\u00e3o a este movimento global, sendo uma centena de governos locais, estaduais e territ\u00f3rios no Brasil.<\/p>\n<p><strong>Servi\u00e7o<\/strong><\/p>\n<p>Data: 28 e 29 de novembro de 2024<\/p>\n<p>Local: Museu das Culturas Dom Bosco. Av. Afonso Pena, 7000 \u2013 Cidade Jardim, Campo Grande \u2013 MS \u2013 Entrada pelo port\u00e3o Nhandeva.<\/p>\n<p>P\u00fablico-alvo: Governos Locais e Regionais, Setor Privado, Setor Produtivo e Institui\u00e7\u00f5es de Pesquisa.<\/p>\n<p>Inscri\u00e7\u00f5es gratuitas e limitadas. Interessados devem preencher o formul\u00e1rio online previamente:\u00a0<a href=\"https:\/\/docs.google.com\/forms\/d\/e\/1FAIpQLSeqQ0AqItowKR0pusxlErgk7RwEVJrysPXxb03bnYm54P8gQA\/viewform?usp=pp_url\">https:\/\/docs.google.com\/forms\/d\/e\/1FAIpQLSeqQ0AqItowKR0pusxlErgk7RwEVJrysPXxb03bnYm54P8gQA\/viewform?usp=pp_url<\/a>\u00a0.<\/p>\n","protected":false},"excerpt":{"rendered":"<p>Nos dias 28 e 29 de novembro de 2024, Campo Grande ser\u00e1 palco do workshop \u201cInova\u00e7\u00e3o Agr\u00edcola e Adapta\u00e7\u00e3o Clim\u00e1tica: Boas Pr\u00e1ticas, Conserva\u00e7\u00e3o e Desenvolvimento Sustent\u00e1vel\u201d. O evento reunir\u00e1 representantes de governos locais e regionais, setor privado, setor produtivo e institui\u00e7\u00f5es de pesquisa no Museu das Culturas Dom Bosco. A programa\u00e7\u00e3o ter\u00e1 como foco central [&hellip;]<\/p>\n","protected":false},"author":2,"featured_media":30994,"comment_status":"open","ping_status":"open","sticky":false,"template":"","format":"standard","meta":{"om_disable_all_campaigns":false,"_monsterinsights_skip_tracking":false,"_monsterinsights_sitenote_active":false,"_monsterinsights_sitenote_note":"","_monsterinsights_sitenote_category":0,"footnotes":""},"categories":[27,35],"tags":[],"aioseo_notices":[],"_links":{"self":[{"href":"https:\/\/expressaoms.com.br\/index.php\/wp-json\/wp\/v2\/posts\/30993"}],"collection":[{"href":"https:\/\/expressaoms.com.br\/index.php\/wp-json\/wp\/v2\/posts"}],"about":[{"href":"https:\/\/expressaoms.com.br\/index.php\/wp-json\/wp\/v2\/types\/post"}],"author":[{"embeddable":true,"href":"https:\/\/expressaoms.com.br\/index.php\/wp-json\/wp\/v2\/users\/2"}],"replies":[{"embeddable":true,"href":"https:\/\/expressaoms.com.br\/index.php\/wp-json\/wp\/v2\/comments?post=30993"}],"version-history":[{"count":2,"href":"https:\/\/expressaoms.com.br\/index.php\/wp-json\/wp\/v2\/posts\/30993\/revisions"}],"predecessor-version":[{"id":30996,"href":"https:\/\/expressaoms.com.br\/index.php\/wp-json\/wp\/v2\/posts\/30993\/revisions\/30996"}],"wp:featuredmedia":[{"embeddable":true,"href":"https:\/\/expressaoms.com.br\/index.php\/wp-json\/wp\/v2\/media\/30994"}],"wp:attachment":[{"href":"https:\/\/expressaoms.com.br\/index.php\/wp-json\/wp\/v2\/media?parent=30993"}],"wp:term":[{"taxonomy":"category","embeddable":true,"href":"https:\/\/expressaoms.com.br\/index.php\/wp-json\/wp\/v2\/categories?post=30993"},{"taxonomy":"post_tag","embeddable":true,"href":"https:\/\/expressaoms.com.br\/index.php\/wp-json\/wp\/v2\/tags?post=30993"}],"curies":[{"name":"wp","href":"https:\/\/api.w.org\/{rel}","templated":true}]}}