{"id":30997,"date":"2024-11-25T18:16:39","date_gmt":"2024-11-25T22:16:39","guid":{"rendered":"https:\/\/expressaoms.com.br\/?p=30997"},"modified":"2024-11-25T18:16:39","modified_gmt":"2024-11-25T22:16:39","slug":"prefeitura-de-campo-grande-participa-do-4o-forum-latino-americano-e-caribenho-de-florestas-urbanas","status":"publish","type":"post","link":"https:\/\/expressaoms.com.br\/index.php\/2024\/11\/25\/prefeitura-de-campo-grande-participa-do-4o-forum-latino-americano-e-caribenho-de-florestas-urbanas\/","title":{"rendered":"Prefeitura de Campo Grande participa do 4\u00ba F\u00f3rum Latino-Americano e Caribenho de Florestas Urbanas"},"content":{"rendered":"<p>Entre os dias 25 e 29 de novembro, em S\u00e3o Jos\u00e9 dos Campos\/SP, \u00e9 realizada a 4\u00aa edi\u00e7\u00e3o do F\u00f3rum Latino-americano e Caribenho de Florestas Urbanas. O evento re\u00fane especialistas, gestores p\u00fablicos, acad\u00eamicos e representantes de diversas cidades da Am\u00e9rica Latina para discutir temas relacionados ao planejamento e manejo sustent\u00e1vel das florestas urbanas.<\/p>\n<p>Durante o evento Campo Grande participar\u00e1 de mesas redondas onde apresentar\u00e1 suas experi\u00eancias frente \u00e0 gest\u00e3o municipal da arboriza\u00e7\u00e3o urbana, enquanto uma Tree City of the World e a implanta\u00e7\u00e3o do Programa Arborday.<\/p>\n<p>Promovido pela Organiza\u00e7\u00e3o das Na\u00e7\u00f5es Unidas para a Alimenta\u00e7\u00e3o e Agricultura (FAO) em parceria com institui\u00e7\u00f5es locais e internacionais, o f\u00f3rum aborda quest\u00f5es fundamentais como a import\u00e2ncia das florestas urbanas na adapta\u00e7\u00e3o das mudan\u00e7as clim\u00e1ticas, melhoria da qualidade do ar, conserva\u00e7\u00e3o da biodiversidade e promo\u00e7\u00e3o da sa\u00fade e bem-estar nas cidades.<\/p>\n<p>Ainda durante o F\u00f3rum ser\u00e3o realizadas apresenta\u00e7\u00f5es de trabalhos cient\u00edficos, entre trabalhos a serem expostos est\u00e3o o Tratamento de \u00e1rvores not\u00e1veis em Campo Grande -MS, a Redu\u00e7\u00e3o da Emiss\u00e3o de Carbono Associado a Res\u00edduos do Manejo Arb\u00f3reo atrav\u00e9s de Compostagem e a Digitaliza\u00e7\u00e3o da avalia\u00e7\u00e3o de risco de \u00e1rvores em Campo Grande \u2013 MS, todas no eixo tem\u00e1tico de inova\u00e7\u00f5es tecnol\u00f3gicas e florestas urbanas que ser\u00e3o apresentados pelo do corpo t\u00e9cnico de auditores fiscais da Secretaria Municipal de Meio Ambiente e Gest\u00e3o Urbana (Semadur).<\/p>\n<p>Os auditores da Semadur tamb\u00e9m est\u00e3o participando de palestras, oficinas e pain\u00e9is tem\u00e1ticos, trocando experi\u00eancias e apresentando as a\u00e7\u00f5es desenvolvidas em Campo Grande, reconhecida como uma das \u201cCidades \u00c1rvores do Mundo\u201d por cinco anos consecutivos devido \u00e0 boa gest\u00e3o da sua floresta urbana.<\/p>\n<p>Para a superintendente de Gest\u00e3o Ambiental da Semadur, Gisseli Giraldelli, a participa\u00e7\u00e3o no f\u00f3rum \u00e9 uma oportunidade \u00fanica para compartilhar as pr\u00e1ticas ambientais de Campo Grande e aprender com experi\u00eancias de outras cidades. \u201cCampo Grande \u00e9 destaque na Americana Latina pela gest\u00e3o da arboriza\u00e7\u00e3o urbana. \u00c9 muito gratificante trabalhar em uma cidade que busca o melhor para a coletividade e, acima de tudo, reconhecer que o caminho percorrido vem dando certo\u201d.<\/p>\n","protected":false},"excerpt":{"rendered":"<p>Entre os dias 25 e 29 de novembro, em S\u00e3o Jos\u00e9 dos Campos\/SP, \u00e9 realizada a 4\u00aa edi\u00e7\u00e3o do F\u00f3rum Latino-americano e Caribenho de Florestas Urbanas. O evento re\u00fane especialistas, gestores p\u00fablicos, acad\u00eamicos e representantes de diversas cidades da Am\u00e9rica Latina para discutir temas relacionados ao planejamento e manejo sustent\u00e1vel das florestas urbanas. Durante o [&hellip;]<\/p>\n","protected":false},"author":2,"featured_media":30998,"comment_status":"open","ping_status":"open","sticky":false,"template":"","format":"standard","meta":{"om_disable_all_campaigns":false,"_monsterinsights_skip_tracking":false,"_monsterinsights_sitenote_active":false,"_monsterinsights_sitenote_note":"","_monsterinsights_sitenote_category":0,"footnotes":""},"categories":[27],"tags":[],"aioseo_notices":[],"_links":{"self":[{"href":"https:\/\/expressaoms.com.br\/index.php\/wp-json\/wp\/v2\/posts\/30997"}],"collection":[{"href":"https:\/\/expressaoms.com.br\/index.php\/wp-json\/wp\/v2\/posts"}],"about":[{"href":"https:\/\/expressaoms.com.br\/index.php\/wp-json\/wp\/v2\/types\/post"}],"author":[{"embeddable":true,"href":"https:\/\/expressaoms.com.br\/index.php\/wp-json\/wp\/v2\/users\/2"}],"replies":[{"embeddable":true,"href":"https:\/\/expressaoms.com.br\/index.php\/wp-json\/wp\/v2\/comments?post=30997"}],"version-history":[{"count":1,"href":"https:\/\/expressaoms.com.br\/index.php\/wp-json\/wp\/v2\/posts\/30997\/revisions"}],"predecessor-version":[{"id":30999,"href":"https:\/\/expressaoms.com.br\/index.php\/wp-json\/wp\/v2\/posts\/30997\/revisions\/30999"}],"wp:featuredmedia":[{"embeddable":true,"href":"https:\/\/expressaoms.com.br\/index.php\/wp-json\/wp\/v2\/media\/30998"}],"wp:attachment":[{"href":"https:\/\/expressaoms.com.br\/index.php\/wp-json\/wp\/v2\/media?parent=30997"}],"wp:term":[{"taxonomy":"category","embeddable":true,"href":"https:\/\/expressaoms.com.br\/index.php\/wp-json\/wp\/v2\/categories?post=30997"},{"taxonomy":"post_tag","embeddable":true,"href":"https:\/\/expressaoms.com.br\/index.php\/wp-json\/wp\/v2\/tags?post=30997"}],"curies":[{"name":"wp","href":"https:\/\/api.w.org\/{rel}","templated":true}]}}