{"id":31013,"date":"2024-11-26T10:57:42","date_gmt":"2024-11-26T14:57:42","guid":{"rendered":"https:\/\/expressaoms.com.br\/?p=31013"},"modified":"2024-11-26T10:57:42","modified_gmt":"2024-11-26T14:57:42","slug":"vereadores-de-tres-lagoas-aprovam-contas-municipais-de-2018","status":"publish","type":"post","link":"https:\/\/expressaoms.com.br\/index.php\/2024\/11\/26\/vereadores-de-tres-lagoas-aprovam-contas-municipais-de-2018\/","title":{"rendered":"Vereadores de Tr\u00eas Lagoas aprovam contas municipais de 2018"},"content":{"rendered":"<p>Nesta ter\u00e7a-feira, 26 de novembro, a C\u00e2mara Municipal de Tr\u00eas Lagoas realizou a 40\u00aa sess\u00e3o ordin\u00e1ria do ano, em que os vereadores aprovaram as contas da Prefeitura referentes ao exerc\u00edcio financeiro de 2018.<\/p>\n<p>O Projeto de Decreto Legislativo N\u00ba 106\/2024, datado de 31 de outubro, analisou o parecer pr\u00e9vio emitido pelo Tribunal de Contas do Estado de Mato Grosso do Sul (TCE-MS) sobre as contas da administra\u00e7\u00e3o municipal daquele ano. A mat\u00e9ria recebeu parecer favor\u00e1vel da Comiss\u00e3o de Finan\u00e7as e Or\u00e7amento e foi aprovada por maioria dos parlamentares.<\/p>\n<p>O projeto foi encaminhado aos vereadores em 14 de outubro deste ano, acompanhado da delibera\u00e7\u00e3o do TCE-MS que recomendava a aprova\u00e7\u00e3o. Ap\u00f3s os tr\u00e2mites regimentais, a an\u00e1lise foi conclu\u00edda durante a sess\u00e3o desta semana, refor\u00e7ando a transpar\u00eancia e o compromisso com a regularidade fiscal da gest\u00e3o p\u00fablica.<\/p>\n<p>Com a aprova\u00e7\u00e3o, as contas de 2018 passam a ter respaldo oficial do Legislativo, contribuindo para a avalia\u00e7\u00e3o hist\u00f3rica da gest\u00e3o financeira do munic\u00edpio.<\/p>\n","protected":false},"excerpt":{"rendered":"<p>Nesta ter\u00e7a-feira, 26 de novembro, a C\u00e2mara Municipal de Tr\u00eas Lagoas realizou a 40\u00aa sess\u00e3o ordin\u00e1ria do ano, em que os vereadores aprovaram as contas da Prefeitura referentes ao exerc\u00edcio financeiro de 2018. O Projeto de Decreto Legislativo N\u00ba 106\/2024, datado de 31 de outubro, analisou o parecer pr\u00e9vio emitido pelo Tribunal de Contas do [&hellip;]<\/p>\n","protected":false},"author":2,"featured_media":31014,"comment_status":"open","ping_status":"open","sticky":false,"template":"","format":"standard","meta":{"om_disable_all_campaigns":false,"_monsterinsights_skip_tracking":false,"_monsterinsights_sitenote_active":false,"_monsterinsights_sitenote_note":"","_monsterinsights_sitenote_category":0,"footnotes":""},"categories":[42,48],"tags":[],"aioseo_notices":[],"_links":{"self":[{"href":"https:\/\/expressaoms.com.br\/index.php\/wp-json\/wp\/v2\/posts\/31013"}],"collection":[{"href":"https:\/\/expressaoms.com.br\/index.php\/wp-json\/wp\/v2\/posts"}],"about":[{"href":"https:\/\/expressaoms.com.br\/index.php\/wp-json\/wp\/v2\/types\/post"}],"author":[{"embeddable":true,"href":"https:\/\/expressaoms.com.br\/index.php\/wp-json\/wp\/v2\/users\/2"}],"replies":[{"embeddable":true,"href":"https:\/\/expressaoms.com.br\/index.php\/wp-json\/wp\/v2\/comments?post=31013"}],"version-history":[{"count":1,"href":"https:\/\/expressaoms.com.br\/index.php\/wp-json\/wp\/v2\/posts\/31013\/revisions"}],"predecessor-version":[{"id":31015,"href":"https:\/\/expressaoms.com.br\/index.php\/wp-json\/wp\/v2\/posts\/31013\/revisions\/31015"}],"wp:featuredmedia":[{"embeddable":true,"href":"https:\/\/expressaoms.com.br\/index.php\/wp-json\/wp\/v2\/media\/31014"}],"wp:attachment":[{"href":"https:\/\/expressaoms.com.br\/index.php\/wp-json\/wp\/v2\/media?parent=31013"}],"wp:term":[{"taxonomy":"category","embeddable":true,"href":"https:\/\/expressaoms.com.br\/index.php\/wp-json\/wp\/v2\/categories?post=31013"},{"taxonomy":"post_tag","embeddable":true,"href":"https:\/\/expressaoms.com.br\/index.php\/wp-json\/wp\/v2\/tags?post=31013"}],"curies":[{"name":"wp","href":"https:\/\/api.w.org\/{rel}","templated":true}]}}