{"id":31045,"date":"2024-11-27T12:30:40","date_gmt":"2024-11-27T16:30:40","guid":{"rendered":"https:\/\/expressaoms.com.br\/?p=31045"},"modified":"2024-11-27T12:30:40","modified_gmt":"2024-11-27T16:30:40","slug":"homem-e-encontrado-morto-em-residencia-na-zona-sul-de-tres-lagoas","status":"publish","type":"post","link":"https:\/\/expressaoms.com.br\/index.php\/2024\/11\/27\/homem-e-encontrado-morto-em-residencia-na-zona-sul-de-tres-lagoas\/","title":{"rendered":"Homem \u00e9 encontrado morto em resid\u00eancia na zona Sul de Tr\u00eas Lagoas"},"content":{"rendered":"<p>Na manh\u00e3 desta quarta-feira (27), Levindo J\u00fanior Silva, de 52 anos, foi encontrado sem vida em sua resid\u00eancia, localizada em um conjunto de apartamentos na Rua Projetada H, bairro Flamboyant, zona Sul de Tr\u00eas Lagoas.<\/p>\n<p>A Pol\u00edcia Militar foi acionada por volta das 7h e, ao chegar ao local, constatou que o Servi\u00e7o de Atendimento M\u00f3vel de Urg\u00eancia (Samu) tamb\u00e9m havia sido chamado. Um m\u00e9dico do Samu confirmou o \u00f3bito de Levindo, indicando que j\u00e1 n\u00e3o havia medidas a serem tomadas.<\/p>\n<p>As primeiras informa\u00e7\u00f5es sugerem que a morte foi possivelmente natural. O filho da propriet\u00e1ria do im\u00f3vel relatou que Levindo enfrentava problemas de sa\u00fade, incluindo epilepsia, agravados por um hist\u00f3rico de consumo excessivo de \u00e1lcool. No local, foram encontrados v\u00e1rios frascos de cacha\u00e7a.<\/p>\n<p>Natural de Presidente Prudente (SP), Levindo vivia sozinho em uma kitnet e, segundo testemunhas, teria sido abandonado pela fam\u00edlia ap\u00f3s diversas tentativas frustradas de ajud\u00e1-lo a superar o v\u00edcio em \u00e1lcool.<\/p>\n<p>A Pol\u00edcia isolou a \u00e1rea para o trabalho da per\u00edcia t\u00e9cnica. Ap\u00f3s a conclus\u00e3o dos procedimentos, o corpo foi encaminhado ao Instituto de Medicina e Odontologia Legal (IMOL). O caso foi registrado como &#8220;morte a esclarecer&#8221; e ser\u00e1 investigado pela 3\u00aa Delegacia de Pol\u00edcia Civil de Tr\u00eas Lagoas.<\/p>\n","protected":false},"excerpt":{"rendered":"<p>Na manh\u00e3 desta quarta-feira (27), Levindo J\u00fanior Silva, de 52 anos, foi encontrado sem vida em sua resid\u00eancia, localizada em um conjunto de apartamentos na Rua Projetada H, bairro Flamboyant, zona Sul de Tr\u00eas Lagoas. A Pol\u00edcia Militar foi acionada por volta das 7h e, ao chegar ao local, constatou que o Servi\u00e7o de Atendimento [&hellip;]<\/p>\n","protected":false},"author":2,"featured_media":29792,"comment_status":"open","ping_status":"open","sticky":false,"template":"","format":"standard","meta":{"om_disable_all_campaigns":false,"_monsterinsights_skip_tracking":false,"_monsterinsights_sitenote_active":false,"_monsterinsights_sitenote_note":"","_monsterinsights_sitenote_category":0,"footnotes":""},"categories":[41,48],"tags":[],"aioseo_notices":[],"_links":{"self":[{"href":"https:\/\/expressaoms.com.br\/index.php\/wp-json\/wp\/v2\/posts\/31045"}],"collection":[{"href":"https:\/\/expressaoms.com.br\/index.php\/wp-json\/wp\/v2\/posts"}],"about":[{"href":"https:\/\/expressaoms.com.br\/index.php\/wp-json\/wp\/v2\/types\/post"}],"author":[{"embeddable":true,"href":"https:\/\/expressaoms.com.br\/index.php\/wp-json\/wp\/v2\/users\/2"}],"replies":[{"embeddable":true,"href":"https:\/\/expressaoms.com.br\/index.php\/wp-json\/wp\/v2\/comments?post=31045"}],"version-history":[{"count":1,"href":"https:\/\/expressaoms.com.br\/index.php\/wp-json\/wp\/v2\/posts\/31045\/revisions"}],"predecessor-version":[{"id":31046,"href":"https:\/\/expressaoms.com.br\/index.php\/wp-json\/wp\/v2\/posts\/31045\/revisions\/31046"}],"wp:featuredmedia":[{"embeddable":true,"href":"https:\/\/expressaoms.com.br\/index.php\/wp-json\/wp\/v2\/media\/29792"}],"wp:attachment":[{"href":"https:\/\/expressaoms.com.br\/index.php\/wp-json\/wp\/v2\/media?parent=31045"}],"wp:term":[{"taxonomy":"category","embeddable":true,"href":"https:\/\/expressaoms.com.br\/index.php\/wp-json\/wp\/v2\/categories?post=31045"},{"taxonomy":"post_tag","embeddable":true,"href":"https:\/\/expressaoms.com.br\/index.php\/wp-json\/wp\/v2\/tags?post=31045"}],"curies":[{"name":"wp","href":"https:\/\/api.w.org\/{rel}","templated":true}]}}