{"id":31062,"date":"2024-11-29T08:53:04","date_gmt":"2024-11-29T12:53:04","guid":{"rendered":"https:\/\/expressaoms.com.br\/?p=31062"},"modified":"2024-11-29T08:53:04","modified_gmt":"2024-11-29T12:53:04","slug":"forcas-de-seguranca-de-tres-lagoas-realizam-operacao-contra-o-trafico-de-drogas","status":"publish","type":"post","link":"https:\/\/expressaoms.com.br\/index.php\/2024\/11\/29\/forcas-de-seguranca-de-tres-lagoas-realizam-operacao-contra-o-trafico-de-drogas\/","title":{"rendered":"For\u00e7as de seguran\u00e7a de Tr\u00eas Lagoas realizam opera\u00e7\u00e3o contra o tr\u00e1fico de drogas"},"content":{"rendered":"<p>Na manh\u00e3 desta quinta-feira, 28 de novembro, as for\u00e7as policiais de Tr\u00eas Lagoas (MS) deflagraram a &#8220;Opera\u00e7\u00e3o Sentinela&#8221;, uma a\u00e7\u00e3o integrada entre as Pol\u00edcias Civil e Militar destinada ao combate ao tr\u00e1fico de drogas na cidade.<\/p>\n<p>A opera\u00e7\u00e3o, iniciada \u00e0s 6h, teve como foco o cumprimento de mandados de busca e apreens\u00e3o em diversas resid\u00eancias do Bairro Novo Oeste. A investiga\u00e7\u00e3o foi conduzida pela Se\u00e7\u00e3o de Investiga\u00e7\u00e3o Geral (SIG) e pelo N\u00facleo Regional de Intelig\u00eancia (NRI), com base em uma pris\u00e3o realizada em outubro. Na ocasi\u00e3o, um homem foi detido em flagrante com grande quantidade de maconha, levantando suspeitas de que ele e sua companheira estariam coordenando o com\u00e9rcio de entorpecentes na regi\u00e3o.<\/p>\n<p>Com apoio de 36 policiais e 12 viaturas, foram cumpridos sete mandados judiciais. Durante a opera\u00e7\u00e3o, foram apreendidos celulares e por\u00e7\u00f5es de maconha, al\u00e9m da pris\u00e3o em flagrante de um indiv\u00edduo por descumprimento de medida protetiva. O material apreendido ser\u00e1 analisado para aprofundar as investiga\u00e7\u00f5es e identificar outros envolvidos no esquema de tr\u00e1fico.<\/p>\n<p>A a\u00e7\u00e3o foi autorizada pela 1\u00aa Vara Criminal Residual de Tr\u00eas Lagoas, com parecer favor\u00e1vel do Minist\u00e9rio P\u00fablico.<\/p>\n","protected":false},"excerpt":{"rendered":"<p>Na manh\u00e3 desta quinta-feira, 28 de novembro, as for\u00e7as policiais de Tr\u00eas Lagoas (MS) deflagraram a &#8220;Opera\u00e7\u00e3o Sentinela&#8221;, uma a\u00e7\u00e3o integrada entre as Pol\u00edcias Civil e Militar destinada ao combate ao tr\u00e1fico de drogas na cidade. A opera\u00e7\u00e3o, iniciada \u00e0s 6h, teve como foco o cumprimento de mandados de busca e apreens\u00e3o em diversas resid\u00eancias [&hellip;]<\/p>\n","protected":false},"author":2,"featured_media":31063,"comment_status":"open","ping_status":"open","sticky":false,"template":"","format":"standard","meta":{"om_disable_all_campaigns":false,"_monsterinsights_skip_tracking":false,"_monsterinsights_sitenote_active":false,"_monsterinsights_sitenote_note":"","_monsterinsights_sitenote_category":0,"footnotes":""},"categories":[41,48],"tags":[],"aioseo_notices":[],"_links":{"self":[{"href":"https:\/\/expressaoms.com.br\/index.php\/wp-json\/wp\/v2\/posts\/31062"}],"collection":[{"href":"https:\/\/expressaoms.com.br\/index.php\/wp-json\/wp\/v2\/posts"}],"about":[{"href":"https:\/\/expressaoms.com.br\/index.php\/wp-json\/wp\/v2\/types\/post"}],"author":[{"embeddable":true,"href":"https:\/\/expressaoms.com.br\/index.php\/wp-json\/wp\/v2\/users\/2"}],"replies":[{"embeddable":true,"href":"https:\/\/expressaoms.com.br\/index.php\/wp-json\/wp\/v2\/comments?post=31062"}],"version-history":[{"count":1,"href":"https:\/\/expressaoms.com.br\/index.php\/wp-json\/wp\/v2\/posts\/31062\/revisions"}],"predecessor-version":[{"id":31064,"href":"https:\/\/expressaoms.com.br\/index.php\/wp-json\/wp\/v2\/posts\/31062\/revisions\/31064"}],"wp:featuredmedia":[{"embeddable":true,"href":"https:\/\/expressaoms.com.br\/index.php\/wp-json\/wp\/v2\/media\/31063"}],"wp:attachment":[{"href":"https:\/\/expressaoms.com.br\/index.php\/wp-json\/wp\/v2\/media?parent=31062"}],"wp:term":[{"taxonomy":"category","embeddable":true,"href":"https:\/\/expressaoms.com.br\/index.php\/wp-json\/wp\/v2\/categories?post=31062"},{"taxonomy":"post_tag","embeddable":true,"href":"https:\/\/expressaoms.com.br\/index.php\/wp-json\/wp\/v2\/tags?post=31062"}],"curies":[{"name":"wp","href":"https:\/\/api.w.org\/{rel}","templated":true}]}}