{"id":31068,"date":"2024-11-29T09:00:38","date_gmt":"2024-11-29T13:00:38","guid":{"rendered":"https:\/\/expressaoms.com.br\/?p=31068"},"modified":"2024-11-29T09:00:38","modified_gmt":"2024-11-29T13:00:38","slug":"reuniao-bimestral-do-comite-da-dengue-traca-estrategias-para-semana-de-combate-as-arboviroses","status":"publish","type":"post","link":"https:\/\/expressaoms.com.br\/index.php\/2024\/11\/29\/reuniao-bimestral-do-comite-da-dengue-traca-estrategias-para-semana-de-combate-as-arboviroses\/","title":{"rendered":"Reuni\u00e3o bimestral do Comit\u00ea da Dengue tra\u00e7a estrat\u00e9gias para \u201cSemana de Combate \u00e0s Arboviroses\u201d"},"content":{"rendered":"<p data-raofz=\"16\">Nesta quinta-feira, dia 28 de novembro, a Prefeitura Municipal de Tr\u00eas Lagoas, por meio da Secretaria Municipal de Sa\u00fade (SMS), promoveu mais uma reuni\u00e3o do Comit\u00ea Municipal de Mobiliza\u00e7\u00e3o e Combate ao Aedes aegypti. O encontro aconteceu na sede dos Servidores P\u00fablicos Municipais de Tr\u00eas Lagoas (SSPM) e contou com a participa\u00e7\u00e3o de representantes de diversas entidades, \u00f3rg\u00e3os, empresas e sociedade civil.<\/p>\n<p data-raofz=\"16\">O evento teve como foco principal a intensifica\u00e7\u00e3o das estrat\u00e9gias de combate \u00e0s arboviroses, com destaque para a programa\u00e7\u00e3o da Semana de Combate \u00e0s Arboviroses, que ser\u00e1 realizada de 9 a 13 de dezembro.<\/p>\n<p data-raofz=\"16\">Al\u00e9m de apresentar as a\u00e7\u00f5es e dados do panorama da dengue no munic\u00edpio, o coordenador do setor de Endemias, Alcides Ferreira, sugeriu que cada institui\u00e7\u00e3o participante do Comit\u00ea ou outros setores interessados, enviem seus cronogramas de a\u00e7\u00f5es relacionadas ao combate \u00e0s arboviroses para o e-mail endemias@treslagoas.ms.gov.br.<\/p>\n<p data-raofz=\"16\">\u201c\u00c9 importante refor\u00e7ar o alinhamento das iniciativas entre toda a sociedade e setores para vencermos a guerra contra o mosquito\u201d, disse o coordenador.<\/p>\n<p data-raofz=\"16\">Presidente do Comit\u00ea, Georgia Medeiros, apresentou as principais a\u00e7\u00f5es realizadas pelo setor de Entomologia da SMS, que incluem: an\u00e1lise de larvas, pupas e ovos de culic\u00eddeos; monitoramento de armadilhas como larvitrampas e ovitrampas; atividades educativas nas escolas municipais, com entrega de cole\u00e7\u00f5es entomol\u00f3gicas e malacol\u00f3gicas para refor\u00e7ar o conhecimento dos alunos sobre o tema.<\/p>\n<p data-raofz=\"16\">A educa\u00e7\u00e3o tem sido uma grande aliada no combate as arboviroses, o setor de Promo\u00e7\u00e3o da Sa\u00fade, tamb\u00e9m da Rede Municipal de Sa\u00fade, realiza constantemente diversas a\u00e7\u00f5es nas escolas e centros de educa\u00e7\u00e3o infantil da cidade, com palestras e atividades l\u00fadicas com orienta\u00e7\u00e3o sobre o descarte correto de res\u00edduos para evitar criadouros do mosquito.<\/p>\n<p data-raofz=\"16\">O pr\u00f3ximo encontro do Comit\u00ea ser\u00e1 em janeiro, na \u00faltima semana do m\u00eas. A Prefeitura de Tr\u00eas Lagoas convida toda a sociedade a se engajar nas atividades da Semana de Combate, refor\u00e7ando a responsabilidade coletiva no enfrentamento \u00e0s arboviroses.<\/p>\n<p data-raofz=\"16\"><strong>SERVI\u00c7O<\/strong><\/p>\n<p data-raofz=\"16\">Mais informa\u00e7\u00f5es podem ser obtidas junto ao setor de Endemias e Entomologia da SMS, atrav\u00e9s do telefone 55 67 8139-3193.<\/p>\n","protected":false},"excerpt":{"rendered":"<p>Nesta quinta-feira, dia 28 de novembro, a Prefeitura Municipal de Tr\u00eas Lagoas, por meio da Secretaria Municipal de Sa\u00fade (SMS), promoveu mais uma reuni\u00e3o do Comit\u00ea Municipal de Mobiliza\u00e7\u00e3o e Combate ao Aedes aegypti. O encontro aconteceu na sede dos Servidores P\u00fablicos Municipais de Tr\u00eas Lagoas (SSPM) e contou com a participa\u00e7\u00e3o de representantes de [&hellip;]<\/p>\n","protected":false},"author":2,"featured_media":31069,"comment_status":"open","ping_status":"open","sticky":false,"template":"","format":"standard","meta":{"om_disable_all_campaigns":false,"_monsterinsights_skip_tracking":false,"_monsterinsights_sitenote_active":false,"_monsterinsights_sitenote_note":"","_monsterinsights_sitenote_category":0,"footnotes":""},"categories":[36,48],"tags":[],"aioseo_notices":[],"_links":{"self":[{"href":"https:\/\/expressaoms.com.br\/index.php\/wp-json\/wp\/v2\/posts\/31068"}],"collection":[{"href":"https:\/\/expressaoms.com.br\/index.php\/wp-json\/wp\/v2\/posts"}],"about":[{"href":"https:\/\/expressaoms.com.br\/index.php\/wp-json\/wp\/v2\/types\/post"}],"author":[{"embeddable":true,"href":"https:\/\/expressaoms.com.br\/index.php\/wp-json\/wp\/v2\/users\/2"}],"replies":[{"embeddable":true,"href":"https:\/\/expressaoms.com.br\/index.php\/wp-json\/wp\/v2\/comments?post=31068"}],"version-history":[{"count":1,"href":"https:\/\/expressaoms.com.br\/index.php\/wp-json\/wp\/v2\/posts\/31068\/revisions"}],"predecessor-version":[{"id":31070,"href":"https:\/\/expressaoms.com.br\/index.php\/wp-json\/wp\/v2\/posts\/31068\/revisions\/31070"}],"wp:featuredmedia":[{"embeddable":true,"href":"https:\/\/expressaoms.com.br\/index.php\/wp-json\/wp\/v2\/media\/31069"}],"wp:attachment":[{"href":"https:\/\/expressaoms.com.br\/index.php\/wp-json\/wp\/v2\/media?parent=31068"}],"wp:term":[{"taxonomy":"category","embeddable":true,"href":"https:\/\/expressaoms.com.br\/index.php\/wp-json\/wp\/v2\/categories?post=31068"},{"taxonomy":"post_tag","embeddable":true,"href":"https:\/\/expressaoms.com.br\/index.php\/wp-json\/wp\/v2\/tags?post=31068"}],"curies":[{"name":"wp","href":"https:\/\/api.w.org\/{rel}","templated":true}]}}