{"id":31211,"date":"2024-12-03T09:47:34","date_gmt":"2024-12-03T13:47:34","guid":{"rendered":"https:\/\/expressaoms.com.br\/?p=31211"},"modified":"2024-12-03T09:47:34","modified_gmt":"2024-12-03T13:47:34","slug":"parque-da-cacau-show-vai-atrair-mais-de-r-2-bilhoes-em-investimentos-privados-para-sp","status":"publish","type":"post","link":"https:\/\/expressaoms.com.br\/index.php\/2024\/12\/03\/parque-da-cacau-show-vai-atrair-mais-de-r-2-bilhoes-em-investimentos-privados-para-sp\/","title":{"rendered":"Parque da Cacau Show vai atrair mais de R$ 2 bilh\u00f5es em investimentos privados para SP"},"content":{"rendered":"<p>O governador Tarc\u00edsio de Freitas participou nesta segunda-feira (2), no Pal\u00e1cio dos Bandeirantes, do an\u00fancio oficial do Cacau Park, parque tem\u00e1tico da Cacau Show que ser\u00e1 constru\u00eddo em Itu. O empreendimento tem investimento de R$ 2 bilh\u00f5es e proje\u00e7\u00e3o de impacto econ\u00f4mico de R$ 35 bilh\u00f5es em dez anos em toda a regi\u00e3o.<\/p>\n<p>\u201cEstamos atraindo investimentos no estado e falando de transforma\u00e7\u00e3o da realidade. Um parque desses significa muito. N\u00f3s vivemos esse sonho e vamos ver esse sonho se tornar realidade. Isso vai transformar aquela regi\u00e3o e vai mexer com o turismo no estado de S\u00e3o Paulo, que vai ficar mais forte a partir do dia de hoje\u201d, afirmou o governador.<\/p>\n<p>O evento contou ainda com a presen\u00e7a da primeira-dama, Cristiane de Freitas, de secret\u00e1rios de estado, do deputado Andr\u00e9 do Prado, presidente da Alesp (Assembleia Legislativa de S\u00e3o Paulo) e do CEO e fundador da Cacau Show, Al\u00ea Costa, al\u00e9m de outras autoridades e representantes da empresa.<\/p>\n<p>O polo tur\u00edstico multiuso que ter\u00e1 o Cacau Park possui uma \u00e1rea total de 7 milh\u00f5es de m\u00b2. O espa\u00e7o ter\u00e1 um shopping a c\u00e9u aberto que vai reunir lojas-conceito e restaurantes exclusivos. O empreendimento, que ter\u00e1 ainda dois hot\u00e9is que somam mais de mil quartos, ser\u00e1 o maior dedicado ao chocolate na Am\u00e9rica Latina e deve atrair 3 milh\u00f5es de visitantes por ano.<\/p>\n<p>O Cacau Park tamb\u00e9m deve ser importante gerador de empregos na regi\u00e3o de Sorocaba, que tem cerca de 28 milh\u00f5es de habitantes: de acordo com a empresa, ser\u00e3o 2,8 mil empregos durante as obras, al\u00e9m de 3 mil postos de trabalho diretos e 6 mil indiretos com a opera\u00e7\u00e3o do parque e dos hot\u00e9is j\u00e1 em funcionamento, prevista para 2027.<\/p>\n<p><img fetchpriority=\"high\" decoding=\"async\" class=\"alignnone size-full wp-image-31216\" src=\"https:\/\/expressaoms.com.br\/wp-content\/uploads\/2024\/12\/54179175879_3449547d74_k.jpg\" alt=\"\" width=\"2048\" height=\"1367\" srcset=\"https:\/\/expressaoms.com.br\/wp-content\/uploads\/2024\/12\/54179175879_3449547d74_k.jpg 2048w, https:\/\/expressaoms.com.br\/wp-content\/uploads\/2024\/12\/54179175879_3449547d74_k-300x200.jpg 300w, https:\/\/expressaoms.com.br\/wp-content\/uploads\/2024\/12\/54179175879_3449547d74_k-1024x684.jpg 1024w, https:\/\/expressaoms.com.br\/wp-content\/uploads\/2024\/12\/54179175879_3449547d74_k-768x513.jpg 768w, https:\/\/expressaoms.com.br\/wp-content\/uploads\/2024\/12\/54179175879_3449547d74_k-1536x1025.jpg 1536w, https:\/\/expressaoms.com.br\/wp-content\/uploads\/2024\/12\/54179175879_3449547d74_k-600x400.jpg 600w\" sizes=\"(max-width: 2048px) 100vw, 2048px\" \/><\/p>\n<p>\u201cUma das premissas do governador \u00e9 o desenvolvimento regional e esse parque vai alavancar um conjunto bastante interessante em um raio de 80 quil\u00f4metros\u201d, estimou o secret\u00e1rio de Desenvolvimento Econ\u00f4mico, Jorge Lima.<\/p>\n<p>O Governo de SP, por meio do Departamento de Estradas e Rodagens (DER), tamb\u00e9m ir\u00e1 trabalhar em um projeto executivo para a constru\u00e7\u00e3o de uma rodovia vicinal para ligar o parque tem\u00e1tico \u00e0 rodovia SP075. A expectativa \u00e9 que tenha 4 quil\u00f4metros de extens\u00e3o, dos quais 800 metros de pista dupla e 3,2 quil\u00f4metros de pista simples.<\/p>\n<h2 class=\"wp-block-heading\">Projeto do Cacau Park<\/h2>\n<p>Inspirado pelos parques tem\u00e1ticos mais renomados do mundo, o Cacau Park ser\u00e1 um polo de entretenimento, gastronomia e experi\u00eancias, com mais de 50 atra\u00e7\u00f5es, incluindo a maior e mais r\u00e1pida montanha-russa da Am\u00e9rica Latina. Com 55 metros de altura, a montanha-russa atingir\u00e1 120 km\/h em apenas 5 segundos.<\/p>\n<p>O projeto inclui, al\u00e9m do parque, um centro de conven\u00e7\u00f5es e condom\u00ednios residenciais para atender \u00e0 crescente demanda por infraestrutura integrada, al\u00e9m de um centro cultural e uma galeria de arte. Tamb\u00e9m far\u00e1 parte do complexo, no futuro, um parque de aventura, um parque aqu\u00e1tico e at\u00e9 um parque dos dinossauros.<\/p>\n<p>\u201cN\u00f3s estamos criando algo muito relevante para o munic\u00edpio de Itu, para o munic\u00edpio de Sorocaba, e por que n\u00e3o dizer, para o Brasil\u201d, afirmou Al\u00ea Costa, CEO da Cacau Show.<\/p>\n","protected":false},"excerpt":{"rendered":"<p>O governador Tarc\u00edsio de Freitas participou nesta segunda-feira (2), no Pal\u00e1cio dos Bandeirantes, do an\u00fancio oficial do Cacau Park, parque tem\u00e1tico da Cacau Show que ser\u00e1 constru\u00eddo em Itu. O empreendimento tem investimento de R$ 2 bilh\u00f5es e proje\u00e7\u00e3o de impacto econ\u00f4mico de R$ 35 bilh\u00f5es em dez anos em toda a regi\u00e3o. \u201cEstamos atraindo [&hellip;]<\/p>\n","protected":false},"author":3,"featured_media":31217,"comment_status":"open","ping_status":"open","sticky":false,"template":"","format":"standard","meta":{"om_disable_all_campaigns":false,"_monsterinsights_skip_tracking":false,"_monsterinsights_sitenote_active":false,"_monsterinsights_sitenote_note":"","_monsterinsights_sitenote_category":0,"footnotes":""},"categories":[246],"tags":[],"aioseo_notices":[],"_links":{"self":[{"href":"https:\/\/expressaoms.com.br\/index.php\/wp-json\/wp\/v2\/posts\/31211"}],"collection":[{"href":"https:\/\/expressaoms.com.br\/index.php\/wp-json\/wp\/v2\/posts"}],"about":[{"href":"https:\/\/expressaoms.com.br\/index.php\/wp-json\/wp\/v2\/types\/post"}],"author":[{"embeddable":true,"href":"https:\/\/expressaoms.com.br\/index.php\/wp-json\/wp\/v2\/users\/3"}],"replies":[{"embeddable":true,"href":"https:\/\/expressaoms.com.br\/index.php\/wp-json\/wp\/v2\/comments?post=31211"}],"version-history":[{"count":1,"href":"https:\/\/expressaoms.com.br\/index.php\/wp-json\/wp\/v2\/posts\/31211\/revisions"}],"predecessor-version":[{"id":31218,"href":"https:\/\/expressaoms.com.br\/index.php\/wp-json\/wp\/v2\/posts\/31211\/revisions\/31218"}],"wp:featuredmedia":[{"embeddable":true,"href":"https:\/\/expressaoms.com.br\/index.php\/wp-json\/wp\/v2\/media\/31217"}],"wp:attachment":[{"href":"https:\/\/expressaoms.com.br\/index.php\/wp-json\/wp\/v2\/media?parent=31211"}],"wp:term":[{"taxonomy":"category","embeddable":true,"href":"https:\/\/expressaoms.com.br\/index.php\/wp-json\/wp\/v2\/categories?post=31211"},{"taxonomy":"post_tag","embeddable":true,"href":"https:\/\/expressaoms.com.br\/index.php\/wp-json\/wp\/v2\/tags?post=31211"}],"curies":[{"name":"wp","href":"https:\/\/api.w.org\/{rel}","templated":true}]}}