{"id":31247,"date":"2024-12-04T15:26:51","date_gmt":"2024-12-04T19:26:51","guid":{"rendered":"https:\/\/expressaoms.com.br\/?p=31247"},"modified":"2024-12-04T15:26:51","modified_gmt":"2024-12-04T19:26:51","slug":"cacambas-do-mutirao-da-limpeza-estarao-ate-segunda-feira-09-no-jardim-imperial","status":"publish","type":"post","link":"https:\/\/expressaoms.com.br\/index.php\/2024\/12\/04\/cacambas-do-mutirao-da-limpeza-estarao-ate-segunda-feira-09-no-jardim-imperial\/","title":{"rendered":"Ca\u00e7ambas do Mutir\u00e3o da Limpeza estar\u00e3o at\u00e9 segunda-feira (09) no Jardim Imperial"},"content":{"rendered":"<p>Quem ainda n\u00e3o utilizou as ca\u00e7ambas do Mutir\u00e3o da Limpeza, localizado nesta semana, no bairro Jardim Imperial, ter\u00e1 at\u00e9 o dia 09 de dezembro para descartar seu lixo ou material inserv\u00edvel de maneira correta e sustent\u00e1vel.<\/p>\n<p>O Mutir\u00e3o da Limpeza \u00e9 uma campanha da Prefeitura de Tr\u00eas Lagoas, por meio do Setor de Endemias da Secretaria Municipal de Sa\u00fade (SMS), em parceria com a Secretaria Municipal de Infraestrutura, Transporte e Tr\u00e2nsito (SEINTRA) que visa eliminar criadouros de vetores de doen\u00e7as relacionadas a arboviroses, leishmaniose e escorpi\u00f5es.<\/p>\n<p>\u00c9 permitido descartar itens como garrafas, pneus, latas, vasos, lonas e eletrodom\u00e9sticos antigos que possam acumular \u00e1gua. Al\u00e9m disso, s\u00e3o aceitos materiais org\u00e2nicos suscet\u00edveis \u00e0 decomposi\u00e7\u00e3o, como folhas, galhos e madeira podre, bem como itens que possam servir de abrigo para escorpi\u00f5es, como telhas, tijolos e outros entulhos.<\/p>\n<p><strong>CONFIRA OS LOCAIS<\/strong><\/p>\n<p>As ca\u00e7ambas da PMTL est\u00e3o dispon\u00edveis nas seguintes ruas:<\/p>\n<figure class=\"wp-block-table\">\n<table class=\"has-fixed-layout\">\n<tbody>\n<tr>\n<td colspan=\"2\"><strong>Endere\u00e7o<\/strong><\/td>\n<td><strong>N\u00ba<\/strong><\/td>\n<td><strong>Quarteir\u00e3o<\/strong><\/td>\n<td><strong>Local para Coloca\u00e7\u00e3o da Ca\u00e7amba<\/strong><\/td>\n<\/tr>\n<tr>\n<td>01<\/td>\n<td>Rua Artista<\/td>\n<td>1207<\/td>\n<td>03<\/td>\n<td>Em frente ao n\u00famero<\/td>\n<\/tr>\n<tr>\n<td>02<\/td>\n<td>Rua Poeta<\/td>\n<td>1200<\/td>\n<td>04<\/td>\n<td>Em frente ao n\u00famero<\/td>\n<\/tr>\n<tr>\n<td>03<\/td>\n<td>Rua M\u00fasico<\/td>\n<td>1199<\/td>\n<td>04<\/td>\n<td>Em frente ao n\u00famero<\/td>\n<\/tr>\n<tr>\n<td>04<\/td>\n<td>Rua Poeta<\/td>\n<td>1371<\/td>\n<td>05<\/td>\n<td>Em frente ao n\u00famero<\/td>\n<\/tr>\n<tr>\n<td>05<\/td>\n<td>Rua Poeta<\/td>\n<td>1491<\/td>\n<td>07<\/td>\n<td>Em frente ao n\u00famero<\/td>\n<\/tr>\n<tr>\n<td>06<\/td>\n<td>Rua Fotografo<\/td>\n<td>1371<\/td>\n<td>08<\/td>\n<td>Em frente ao n\u00famero<\/td>\n<\/tr>\n<tr>\n<td>07<\/td>\n<td>Rua Fotografo<\/td>\n<td>1222<\/td>\n<td>09<\/td>\n<td>Em frente ao n\u00famero<\/td>\n<\/tr>\n<tr>\n<td>08<\/td>\n<td>Rua Fotografo<\/td>\n<td>1461<\/td>\n<td>14<\/td>\n<td>Em frente ao n\u00famero<\/td>\n<\/tr>\n<tr>\n<td>09<\/td>\n<td>Rua Poeta<\/td>\n<td>2447<\/td>\n<td>18<\/td>\n<td>Em frente ao bar do Beto<\/td>\n<\/tr>\n<tr>\n<td>10<\/td>\n<td>Rua Imp\u00e9rio<\/td>\n<td>2147<\/td>\n<td>19<\/td>\n<td>Em frente ao n\u00famero<\/td>\n<\/tr>\n<tr>\n<td>11<\/td>\n<td>Rua Poeta<\/td>\n<td>2423<\/td>\n<td>20<\/td>\n<td>Em frente ao n\u00famero<\/td>\n<\/tr>\n<tr>\n<td>12<\/td>\n<td>Rua Imp\u00e9rio<\/td>\n<td>2497<\/td>\n<td>24<\/td>\n<td>Em frente ao n\u00famero<\/td>\n<\/tr>\n<tr>\n<td>13<\/td>\n<td>Rua Imp\u00e9rio<\/td>\n<td>2504<\/td>\n<td>26<\/td>\n<td>Em frente ao n\u00famero<\/td>\n<\/tr>\n<tr>\n<td>14<\/td>\n<td>Rua Nandina<\/td>\n<td>2634<\/td>\n<td>30<\/td>\n<td>Em frente ao n\u00famero<\/td>\n<\/tr>\n<tr>\n<td>15<\/td>\n<td>Rua Ixoria<\/td>\n<td>2632<\/td>\n<td>32<\/td>\n<td>Em frente ao n\u00famero<\/td>\n<\/tr>\n<tr>\n<td>16<\/td>\n<td>Rua Pingo de Ouro<\/td>\n<td>2638<\/td>\n<td>34<\/td>\n<td>Em frente ao n\u00famero<\/td>\n<\/tr>\n<tr>\n<td>17<\/td>\n<td>Rua Hibisco<\/td>\n<td>2640<\/td>\n<td>35<\/td>\n<td>Em frente ao n\u00famero<\/td>\n<\/tr>\n<tr>\n<td>18<\/td>\n<td>Rua Azaleia<\/td>\n<td>2657<\/td>\n<td>36<\/td>\n<td>Em frente ao n\u00famero<\/td>\n<\/tr>\n<\/tbody>\n<\/table>\n<\/figure>\n","protected":false},"excerpt":{"rendered":"<p>Quem ainda n\u00e3o utilizou as ca\u00e7ambas do Mutir\u00e3o da Limpeza, localizado nesta semana, no bairro Jardim Imperial, ter\u00e1 at\u00e9 o dia 09 de dezembro para descartar seu lixo ou material inserv\u00edvel de maneira correta e sustent\u00e1vel. O Mutir\u00e3o da Limpeza \u00e9 uma campanha da Prefeitura de Tr\u00eas Lagoas, por meio do Setor de Endemias da [&hellip;]<\/p>\n","protected":false},"author":2,"featured_media":31248,"comment_status":"open","ping_status":"open","sticky":false,"template":"","format":"standard","meta":{"om_disable_all_campaigns":false,"_monsterinsights_skip_tracking":false,"_monsterinsights_sitenote_active":false,"_monsterinsights_sitenote_note":"","_monsterinsights_sitenote_category":0,"footnotes":""},"categories":[36,48],"tags":[],"aioseo_notices":[],"_links":{"self":[{"href":"https:\/\/expressaoms.com.br\/index.php\/wp-json\/wp\/v2\/posts\/31247"}],"collection":[{"href":"https:\/\/expressaoms.com.br\/index.php\/wp-json\/wp\/v2\/posts"}],"about":[{"href":"https:\/\/expressaoms.com.br\/index.php\/wp-json\/wp\/v2\/types\/post"}],"author":[{"embeddable":true,"href":"https:\/\/expressaoms.com.br\/index.php\/wp-json\/wp\/v2\/users\/2"}],"replies":[{"embeddable":true,"href":"https:\/\/expressaoms.com.br\/index.php\/wp-json\/wp\/v2\/comments?post=31247"}],"version-history":[{"count":1,"href":"https:\/\/expressaoms.com.br\/index.php\/wp-json\/wp\/v2\/posts\/31247\/revisions"}],"predecessor-version":[{"id":31249,"href":"https:\/\/expressaoms.com.br\/index.php\/wp-json\/wp\/v2\/posts\/31247\/revisions\/31249"}],"wp:featuredmedia":[{"embeddable":true,"href":"https:\/\/expressaoms.com.br\/index.php\/wp-json\/wp\/v2\/media\/31248"}],"wp:attachment":[{"href":"https:\/\/expressaoms.com.br\/index.php\/wp-json\/wp\/v2\/media?parent=31247"}],"wp:term":[{"taxonomy":"category","embeddable":true,"href":"https:\/\/expressaoms.com.br\/index.php\/wp-json\/wp\/v2\/categories?post=31247"},{"taxonomy":"post_tag","embeddable":true,"href":"https:\/\/expressaoms.com.br\/index.php\/wp-json\/wp\/v2\/tags?post=31247"}],"curies":[{"name":"wp","href":"https:\/\/api.w.org\/{rel}","templated":true}]}}