{"id":31305,"date":"2024-12-08T14:08:20","date_gmt":"2024-12-08T18:08:20","guid":{"rendered":"https:\/\/expressaoms.com.br\/?p=31305"},"modified":"2024-12-08T14:08:20","modified_gmt":"2024-12-08T18:08:20","slug":"plano-a-plano-b-e-plano-c-sou-eu-diz-bolsonaro-sobre-candidatura-em-2026","status":"publish","type":"post","link":"https:\/\/expressaoms.com.br\/index.php\/2024\/12\/08\/plano-a-plano-b-e-plano-c-sou-eu-diz-bolsonaro-sobre-candidatura-em-2026\/","title":{"rendered":"Plano A, plano B e plano C sou eu, diz Bolsonaro sobre candidatura em 2026"},"content":{"rendered":"<p>O ex-presidente Jair Bolsonaro (PL) disse, mais uma vez, que pretende ser registrado como candidato para disputar a elei\u00e7\u00e3o presidencial de 2026. Em entrevista \u00e0 R\u00e1dio Ga\u00facha na sexta-feira (6), ele tamb\u00e9m rejeitou a possibilidade de outros nomes serem indicados, neste momento, como seu candidato ao Planalto em caso de a Justi\u00e7a n\u00e3o liberar sua participa\u00e7\u00e3o no pleito.<\/p>\n<blockquote><p>&#8220;O plano A sou eu. O plano B sou eu tamb\u00e9m. O plano C sou eu a n\u00e3o ser depois da minha morte f\u00edsica ou pol\u00edtica em definitivo que eu vou pensar em um poss\u00edvel nome&#8221;, disse.<\/p><\/blockquote>\n<h2>Estrat\u00e9gia<\/h2>\n<p>Segundo apura\u00e7\u00e3o da CNN, ap\u00f3s, no m\u00eas passado, ter sido indiciado pela Pol\u00edcia Federal (PF) pela terceira vez, Bolsonaro n\u00e3o mudou seus planos de se candidatar em 2026, ainda que esteja denunciado ou at\u00e9 mesmo preso, segundo o entorno do ex-presidente.<\/p>\n<p>O plano que vem sendo relatado por interlocutores \u00e9 o de Bolsonaro se lan\u00e7ar tendo um dos filhos como vice, o senador Fl\u00e1vio Bolsonaro (PL-RJ), por exemplo e pedir o registro da candidatura ao Tribunal Superior Eleitoral (TSE).<\/p>\n<p>Caso a indefira o registro, Bolsonaro, ent\u00e3o, provavelmente ir\u00e1 recorrer ao Supremo Tribunal Federal (STF), que poder\u00e1 ter o mesmo entendimento do TSE. Sem mais possibilidade de recursos, o candidato a vice assumiria o posto de candidato e Bolsonaro tentaria transferir as inten\u00e7\u00f5es de voto dele para o sucessor na chapa.<\/p>\n<p>Algo semelhante ao feito pelo presidente Luiz In\u00e1cio Lula da Silva (PT) em 2018, quando &#8220;ineleg\u00edvel\u00a0 e preso&#8221; foi substitu\u00eddo por Fernando Haddad (PT) a menos de um m\u00eas do primeiro turno. Haddad era o vice na chapa at\u00e9 ent\u00e3o. Bolsonaro saiu vencedor daquele pleito<\/p>\n","protected":false},"excerpt":{"rendered":"<p>O ex-presidente Jair Bolsonaro (PL) disse, mais uma vez, que pretende ser registrado como candidato para disputar a elei\u00e7\u00e3o presidencial de 2026. Em entrevista \u00e0 R\u00e1dio Ga\u00facha na sexta-feira (6), ele tamb\u00e9m rejeitou a possibilidade de outros nomes serem indicados, neste momento, como seu candidato ao Planalto em caso de a Justi\u00e7a n\u00e3o liberar sua [&hellip;]<\/p>\n","protected":false},"author":3,"featured_media":31306,"comment_status":"open","ping_status":"open","sticky":false,"template":"","format":"standard","meta":{"om_disable_all_campaigns":false,"_monsterinsights_skip_tracking":false,"_monsterinsights_sitenote_active":false,"_monsterinsights_sitenote_note":"","_monsterinsights_sitenote_category":0,"footnotes":""},"categories":[246,42],"tags":[],"aioseo_notices":[],"_links":{"self":[{"href":"https:\/\/expressaoms.com.br\/index.php\/wp-json\/wp\/v2\/posts\/31305"}],"collection":[{"href":"https:\/\/expressaoms.com.br\/index.php\/wp-json\/wp\/v2\/posts"}],"about":[{"href":"https:\/\/expressaoms.com.br\/index.php\/wp-json\/wp\/v2\/types\/post"}],"author":[{"embeddable":true,"href":"https:\/\/expressaoms.com.br\/index.php\/wp-json\/wp\/v2\/users\/3"}],"replies":[{"embeddable":true,"href":"https:\/\/expressaoms.com.br\/index.php\/wp-json\/wp\/v2\/comments?post=31305"}],"version-history":[{"count":1,"href":"https:\/\/expressaoms.com.br\/index.php\/wp-json\/wp\/v2\/posts\/31305\/revisions"}],"predecessor-version":[{"id":31307,"href":"https:\/\/expressaoms.com.br\/index.php\/wp-json\/wp\/v2\/posts\/31305\/revisions\/31307"}],"wp:featuredmedia":[{"embeddable":true,"href":"https:\/\/expressaoms.com.br\/index.php\/wp-json\/wp\/v2\/media\/31306"}],"wp:attachment":[{"href":"https:\/\/expressaoms.com.br\/index.php\/wp-json\/wp\/v2\/media?parent=31305"}],"wp:term":[{"taxonomy":"category","embeddable":true,"href":"https:\/\/expressaoms.com.br\/index.php\/wp-json\/wp\/v2\/categories?post=31305"},{"taxonomy":"post_tag","embeddable":true,"href":"https:\/\/expressaoms.com.br\/index.php\/wp-json\/wp\/v2\/tags?post=31305"}],"curies":[{"name":"wp","href":"https:\/\/api.w.org\/{rel}","templated":true}]}}