{"id":31338,"date":"2024-12-10T14:28:10","date_gmt":"2024-12-10T18:28:10","guid":{"rendered":"https:\/\/expressaoms.com.br\/?p=31338"},"modified":"2024-12-10T14:29:57","modified_gmt":"2024-12-10T18:29:57","slug":"cassiano-maia-anuncia-oficialmente-os-nomes-dos-secretarios-municipais-de-seu-governo","status":"publish","type":"post","link":"https:\/\/expressaoms.com.br\/index.php\/2024\/12\/10\/cassiano-maia-anuncia-oficialmente-os-nomes-dos-secretarios-municipais-de-seu-governo\/","title":{"rendered":"Cassiano Maia anuncia oficialmente os nomes dos secret\u00e1rios municipais de seu governo"},"content":{"rendered":"<p>O presidente da C\u00e2mara de Vereadores de Tr\u00eas Lagoas e prefeito eleito, Dr. Cassiano Maia, realizou uma coletiva com a imprensa local nesta ter\u00e7a-feira (10) para anunciar os nomes dos secret\u00e1rios que far\u00e3o parte de seu governo a partir do pr\u00f3ximo ano. A reuni\u00e3o com a imprensa foi realizada no plenarinho da C\u00e2mara e contou com a presen\u00e7a dos futuros secret\u00e1rios, vereadores e imprensa local.<\/p>\n<p>Ao abrir a coletiva Cassiano Maia fez uma breve explana\u00e7\u00e3o do curr\u00edculo e experi\u00eancia de cada um dos futuros secret\u00e1rios e que a escolha n\u00e3o teria sido f\u00e1cil, tendo em vista que tentou unir experi\u00eancia e conhecimento t\u00e9cnico para cada \u00e1rea.<\/p>\n<p>O prefeito eleito disse tamb\u00e9m que pretende humanizar mais o atendimento \u00e0 popula\u00e7\u00e3o, com a miss\u00e3o de todos os secret\u00e1rios implantarem em suas pastas mecanismos para melhor atendimento a todos que os procurarem.<\/p>\n<p>Cassiano explicou algumas das mudan\u00e7as que far\u00e1 a partir do pr\u00f3ximo ano com a extin\u00e7\u00e3o da Secretaria Geral, que foi absorvida pela Secretaria de Governo, bem como a cria\u00e7\u00e3o das funda\u00e7\u00f5es que pretende implantar em sua gest\u00e3o: Esportes, Cultura e Turismo. Em rela\u00e7\u00e3o ao Esporte e Cultura, projetos j\u00e1 foram lidos e aprovados na sess\u00e3o de hoje pelos vereadores. J\u00e1 o turismo ser\u00e1 feito mas o projeto da cria\u00e7\u00e3o ainda n\u00e3o foi apresentado no legislativo.<\/p>\n<p>A cerim\u00f4nia de posse do prefeito eleito ser\u00e1 no dia 1\u00ba de janeiro, as 16hs no anfiteatro do Campus II da UFMS, onde tomam posse o prefeito, a vice, os vereadores e os secret\u00e1rios municipais.<\/p>\n<p><img fetchpriority=\"high\" decoding=\"async\" class=\"alignnone size-full wp-image-31344\" src=\"https:\/\/expressaoms.com.br\/wp-content\/uploads\/2024\/12\/3.jpeg\" alt=\"\" width=\"1595\" height=\"585\" srcset=\"https:\/\/expressaoms.com.br\/wp-content\/uploads\/2024\/12\/3.jpeg 1595w, https:\/\/expressaoms.com.br\/wp-content\/uploads\/2024\/12\/3-300x110.jpeg 300w, https:\/\/expressaoms.com.br\/wp-content\/uploads\/2024\/12\/3-1024x376.jpeg 1024w, https:\/\/expressaoms.com.br\/wp-content\/uploads\/2024\/12\/3-768x282.jpeg 768w, https:\/\/expressaoms.com.br\/wp-content\/uploads\/2024\/12\/3-1536x563.jpeg 1536w, https:\/\/expressaoms.com.br\/wp-content\/uploads\/2024\/12\/3-600x220.jpeg 600w\" sizes=\"(max-width: 1595px) 100vw, 1595px\" \/><\/p>\n<h2>Veja os nomes dos secret\u00e1rios:<\/h2>\n<p><strong>Secretaria de Administra\u00e7\u00e3o<\/strong>: Jardel Mattos<\/p>\n<p><strong>Secretaria de Governo<\/strong>: Andr\u00e9 Bacal\u00e1<\/p>\n<p><strong>Secretaria de Assist\u00eancia Social<\/strong>: vice-prefeita Vera Helena<\/p>\n<p><strong>Secretaria de Sa\u00fade<\/strong>: Elaine Ferrari<\/p>\n<p><strong>Secretaria de Educa\u00e7\u00e3o<\/strong>: Angela Brito<\/p>\n<p><strong>Secretaria de Desenvolvimento Econ\u00f4mico<\/strong>: Marco Ant\u00f4nio J\u00fanior<\/p>\n<p><strong>Secretaria de Esportes<\/strong>: Valter da Silva Dias<\/p>\n<p><strong>Secretaria de Infraestrutura, Obras e Servi\u00e7os P\u00fablicos<\/strong>: Osmar Dias Pereira<\/p>\n<p><strong>Secretaria de Finan\u00e7as<\/strong>: Soyla Garcia<\/p>\n<p><strong>Secretaria de Meio Ambiente<\/strong>: Mariana Amaral<\/p>\n<p><strong>Procurador Jur\u00eddico<\/strong>: Gustavo Gotardi<\/p>\n<p><strong>Chefe de Gabinete<\/strong>: Luiz Gusm\u00e3o<\/p>\n<p><strong>Diretor de Cultura<\/strong>: Stenio Congro<\/p>\n<pre>Fotos: Fernando Piau\u00ed\r\n\r\n\r\n<\/pre>\n","protected":false},"excerpt":{"rendered":"<p>O presidente da C\u00e2mara de Vereadores de Tr\u00eas Lagoas e prefeito eleito, Dr. Cassiano Maia, realizou uma coletiva com a imprensa local nesta ter\u00e7a-feira (10) para anunciar os nomes dos secret\u00e1rios que far\u00e3o parte de seu governo a partir do pr\u00f3ximo ano. A reuni\u00e3o com a imprensa foi realizada no plenarinho da C\u00e2mara e contou [&hellip;]<\/p>\n","protected":false},"author":3,"featured_media":31343,"comment_status":"open","ping_status":"open","sticky":false,"template":"","format":"standard","meta":{"om_disable_all_campaigns":false,"_monsterinsights_skip_tracking":false,"_monsterinsights_sitenote_active":false,"_monsterinsights_sitenote_note":"","_monsterinsights_sitenote_category":0,"footnotes":""},"categories":[42,48],"tags":[],"aioseo_notices":[],"_links":{"self":[{"href":"https:\/\/expressaoms.com.br\/index.php\/wp-json\/wp\/v2\/posts\/31338"}],"collection":[{"href":"https:\/\/expressaoms.com.br\/index.php\/wp-json\/wp\/v2\/posts"}],"about":[{"href":"https:\/\/expressaoms.com.br\/index.php\/wp-json\/wp\/v2\/types\/post"}],"author":[{"embeddable":true,"href":"https:\/\/expressaoms.com.br\/index.php\/wp-json\/wp\/v2\/users\/3"}],"replies":[{"embeddable":true,"href":"https:\/\/expressaoms.com.br\/index.php\/wp-json\/wp\/v2\/comments?post=31338"}],"version-history":[{"count":3,"href":"https:\/\/expressaoms.com.br\/index.php\/wp-json\/wp\/v2\/posts\/31338\/revisions"}],"predecessor-version":[{"id":31347,"href":"https:\/\/expressaoms.com.br\/index.php\/wp-json\/wp\/v2\/posts\/31338\/revisions\/31347"}],"wp:featuredmedia":[{"embeddable":true,"href":"https:\/\/expressaoms.com.br\/index.php\/wp-json\/wp\/v2\/media\/31343"}],"wp:attachment":[{"href":"https:\/\/expressaoms.com.br\/index.php\/wp-json\/wp\/v2\/media?parent=31338"}],"wp:term":[{"taxonomy":"category","embeddable":true,"href":"https:\/\/expressaoms.com.br\/index.php\/wp-json\/wp\/v2\/categories?post=31338"},{"taxonomy":"post_tag","embeddable":true,"href":"https:\/\/expressaoms.com.br\/index.php\/wp-json\/wp\/v2\/tags?post=31338"}],"curies":[{"name":"wp","href":"https:\/\/api.w.org\/{rel}","templated":true}]}}