{"id":31348,"date":"2024-12-11T09:55:44","date_gmt":"2024-12-11T13:55:44","guid":{"rendered":"https:\/\/expressaoms.com.br\/?p=31348"},"modified":"2024-12-11T09:55:44","modified_gmt":"2024-12-11T13:55:44","slug":"em-forum-de-governadores-riedel-cobra-apoio-da-uniao-no-custeio-de-presos-do-trafico-em-ms","status":"publish","type":"post","link":"https:\/\/expressaoms.com.br\/index.php\/2024\/12\/11\/em-forum-de-governadores-riedel-cobra-apoio-da-uniao-no-custeio-de-presos-do-trafico-em-ms\/","title":{"rendered":"Em f\u00f3rum de governadores, Riedel cobra apoio da Uni\u00e3o no custeio de presos do tr\u00e1fico em MS"},"content":{"rendered":"<p>Durante a 16\u00aa edi\u00e7\u00e3o do F\u00f3rum dos Governadores, em Bras\u00edlia, o governador Eduardo Riedel cobrou da Uni\u00e3o apoio ou uma solu\u00e7\u00e3o para equilibrar os custos do Estado com presos do tr\u00e1fico de drogas, que representam 40% do seu sistema prisional. Esta situa\u00e7\u00e3o ocorre porque Mato Grosso do Sul est\u00e1 na fronteira com dois pa\u00edses, Bol\u00edvia e Paraguai.<\/p>\n<p>Riedel ressaltou que o Estado tem um gasto de R$ 230 milh\u00f5es por ano com os presos do tr\u00e1fico de drogas, arcando de forma integral com estes custos, muitos inclusive do tr\u00e1fico internacional. O tema foi colocado em pauta em fun\u00e7\u00e3o da discuss\u00e3o sobre PEC da Seguran\u00e7a P\u00fablica, que \u00e9 um dos pontos principais do evento e conta com a presen\u00e7a do ministro da Justi\u00e7a e Seguran\u00e7a P\u00fablica, Ricardo\u00a0Lewandowski.<\/p>\n<p>\u201cQuero chamar a aten\u00e7\u00e3o em rela\u00e7\u00e3o a PEC (Seguran\u00e7a P\u00fablica) sobre o nosso sistema prisional, onde temos 23 mil presos, sendo 40% do tr\u00e1fico de drogas, pois temos fronteira com dois pa\u00edses e divisa com cinco estados. \u00c9 de longe o Estado com a maior popula\u00e7\u00e3o carcer\u00e1ria por 100 mil habitantes, com 750 por 100 mil (habitantes), sendo que a m\u00e9dia brasileira \u00e9 de 350\u201d, afirmou.<\/p>\n<p>O governador revelou que o custo mensal de cada preso \u00e9 R$ 2.003,00, sendo pago de forma integral pelo Estado. \u201cEsta droga n\u00e3o fica no Mato Grosso do Sul, foram apreendidos neste ano 550 toneladas (drogas). N\u00f3s vamos continuar o trabalho das policiais estaduais, barreiras e integra\u00e7\u00e3o com as for\u00e7as federais, mas o financiamento da popula\u00e7\u00e3o carcer\u00e1ria est\u00e1 integralmente nas costas do Estado, ao endere\u00e7ar esta discuss\u00e3o na PEC buscamos equilibrar esta situa\u00e7\u00e3o, dar um pouco mais de justi\u00e7a ao Estado\u201d, ponderou.<\/p>\n<p>Riedel destacou aos demais governadores e ministro Lewandowski que esta \u00e9 uma grande oportunidade para colocar a quest\u00e3o (sistema prisional) em pauta, em fun\u00e7\u00e3o da PEC da Seguran\u00e7a P\u00fablica. \u201cVamos sair da discuss\u00e3o e termos de conv\u00eanio e passar para algo que seja efetivo, na busca de uma solu\u00e7\u00e3o para o financiamento desta situa\u00e7\u00e3o que vivemos em Mato Grosso do Sul. Na PEC vamos buscar corrigir\u201d.<\/p>\n<h2><strong>PEC da Seguran\u00e7a<\/strong><\/h2>\n<p>A PEC (Proposta de Emenda \u00e0 Constitui\u00e7\u00e3o) da Seguran\u00e7a P\u00fablica apresentada pela Governo Federal busca atualizar a Constitui\u00e7\u00e3o Federal para que estados, DF e Uni\u00e3o formem um pacto federativo em combate \u00e0 escalada do crime organizado no Brasil. O assunto entrou na pauta da 16\u00aa edi\u00e7\u00e3o do F\u00f3rum dos Governadores.<\/p>\n<p>Durante o evento foi destacado que o Conselho Nacional dos secret\u00e1rios de seguran\u00e7a prop\u00f5e uma \u201cPEC alternativa\u201d, que garanta mais autonomia aos estados. Esta proposta tem o apoio do governador Eduardo Riedel. \u201cA PEC dos secret\u00e1rios coloca uma proposta que visa preservar a autonomia dos estados e avan\u00e7a naquilo \u00e9 senso comum, de constitucionalizar a seguran\u00e7a p\u00fablica. Haver\u00e1 um bom debate tanto no Minist\u00e9rio (Seguran\u00e7a P\u00fablica) como no Congresso Nacional\u201d.<\/p>\n<p>Outros temas tamb\u00e9m entraram na pauta do F\u00f3rum, entre eles o Programa \u201cMais Acesso a Especialistas\u201d do Minist\u00e9rio da Sa\u00fade, que tem como objetivo reduzir tempo e fila de espera no Sistema \u00danico de Sa\u00fade (SUS), al\u00e9m do pacote de medidas econ\u00f4micas do Governo Federal.<\/p>\n","protected":false},"excerpt":{"rendered":"<p>Durante a 16\u00aa edi\u00e7\u00e3o do F\u00f3rum dos Governadores, em Bras\u00edlia, o governador Eduardo Riedel cobrou da Uni\u00e3o apoio ou uma solu\u00e7\u00e3o para equilibrar os custos do Estado com presos do tr\u00e1fico de drogas, que representam 40% do seu sistema prisional. Esta situa\u00e7\u00e3o ocorre porque Mato Grosso do Sul est\u00e1 na fronteira com dois pa\u00edses, Bol\u00edvia [&hellip;]<\/p>\n","protected":false},"author":3,"featured_media":31370,"comment_status":"open","ping_status":"open","sticky":false,"template":"","format":"standard","meta":{"om_disable_all_campaigns":false,"_monsterinsights_skip_tracking":false,"_monsterinsights_sitenote_active":false,"_monsterinsights_sitenote_note":"","_monsterinsights_sitenote_category":0,"footnotes":""},"categories":[266,42],"tags":[],"aioseo_notices":[],"_links":{"self":[{"href":"https:\/\/expressaoms.com.br\/index.php\/wp-json\/wp\/v2\/posts\/31348"}],"collection":[{"href":"https:\/\/expressaoms.com.br\/index.php\/wp-json\/wp\/v2\/posts"}],"about":[{"href":"https:\/\/expressaoms.com.br\/index.php\/wp-json\/wp\/v2\/types\/post"}],"author":[{"embeddable":true,"href":"https:\/\/expressaoms.com.br\/index.php\/wp-json\/wp\/v2\/users\/3"}],"replies":[{"embeddable":true,"href":"https:\/\/expressaoms.com.br\/index.php\/wp-json\/wp\/v2\/comments?post=31348"}],"version-history":[{"count":1,"href":"https:\/\/expressaoms.com.br\/index.php\/wp-json\/wp\/v2\/posts\/31348\/revisions"}],"predecessor-version":[{"id":31371,"href":"https:\/\/expressaoms.com.br\/index.php\/wp-json\/wp\/v2\/posts\/31348\/revisions\/31371"}],"wp:featuredmedia":[{"embeddable":true,"href":"https:\/\/expressaoms.com.br\/index.php\/wp-json\/wp\/v2\/media\/31370"}],"wp:attachment":[{"href":"https:\/\/expressaoms.com.br\/index.php\/wp-json\/wp\/v2\/media?parent=31348"}],"wp:term":[{"taxonomy":"category","embeddable":true,"href":"https:\/\/expressaoms.com.br\/index.php\/wp-json\/wp\/v2\/categories?post=31348"},{"taxonomy":"post_tag","embeddable":true,"href":"https:\/\/expressaoms.com.br\/index.php\/wp-json\/wp\/v2\/tags?post=31348"}],"curies":[{"name":"wp","href":"https:\/\/api.w.org\/{rel}","templated":true}]}}