{"id":31352,"date":"2024-12-11T09:21:35","date_gmt":"2024-12-11T13:21:35","guid":{"rendered":"https:\/\/expressaoms.com.br\/?p=31352"},"modified":"2024-12-11T09:21:35","modified_gmt":"2024-12-11T13:21:35","slug":"prefeitura-de-tres-lagoas-inicia-recapeamento-de-trecho-da-avenida-urias-ribeiro","status":"publish","type":"post","link":"https:\/\/expressaoms.com.br\/index.php\/2024\/12\/11\/prefeitura-de-tres-lagoas-inicia-recapeamento-de-trecho-da-avenida-urias-ribeiro\/","title":{"rendered":"Prefeitura de Tr\u00eas Lagoas inicia recapeamento de trecho da Avenida Urias Ribeiro"},"content":{"rendered":"<p>O Departamento de Servi\u00e7os P\u00fablicos (DSP), da Secretaria Municipal de Infraestrutura, Transporte e Tr\u00e2nsito (SEINTRA), iniciou nesta ter\u00e7a-feira, 10 de dezembro, o recapeamento da Avenida Urias Ribeiro, no trecho entre o condom\u00ednio La Paloma e a Rua Eg\u00eddio Thom\u00e9. A obra visa melhorar a qualidade de vida dos moradores da regi\u00e3o e a mobilidade de todos que transitam pelo local.<\/p>\n<p>A SEINTRA destaca que o trabalho ser\u00e1 realizado em um lado da avenida por vez, permitindo que o outro lado permane\u00e7a livre para circula\u00e7\u00e3o, minimizando os transtornos para os motoristas.<\/p>\n<p>No entanto, durante o per\u00edodo de execu\u00e7\u00e3o, o tr\u00e2nsito no local poder\u00e1 ficar um pouco mais complicado. Por isso, a Prefeitura pede que os motoristas tenham aten\u00e7\u00e3o redobrada e respeitem as sinaliza\u00e7\u00f5es e orienta\u00e7\u00f5es dos agentes de tr\u00e2nsito. A previs\u00e3o \u00e9 que a obra seja conclu\u00edda at\u00e9 quinta-feira, com o recapeamento totalmente finalizado e a avenida liberada para o tr\u00e1fego normal.<\/p>\n<p>A obra est\u00e1 sendo realizada com recursos, m\u00e3o de obra e maquin\u00e1rio da pr\u00f3pria administra\u00e7\u00e3o municipal.<\/p>\n","protected":false},"excerpt":{"rendered":"<p>O Departamento de Servi\u00e7os P\u00fablicos (DSP), da Secretaria Municipal de Infraestrutura, Transporte e Tr\u00e2nsito (SEINTRA), iniciou nesta ter\u00e7a-feira, 10 de dezembro, o recapeamento da Avenida Urias Ribeiro, no trecho entre o condom\u00ednio La Paloma e a Rua Eg\u00eddio Thom\u00e9. A obra visa melhorar a qualidade de vida dos moradores da regi\u00e3o e a mobilidade de [&hellip;]<\/p>\n","protected":false},"author":2,"featured_media":31353,"comment_status":"open","ping_status":"open","sticky":false,"template":"","format":"standard","meta":{"om_disable_all_campaigns":false,"_monsterinsights_skip_tracking":false,"_monsterinsights_sitenote_active":false,"_monsterinsights_sitenote_note":"","_monsterinsights_sitenote_category":0,"footnotes":""},"categories":[36,48],"tags":[],"aioseo_notices":[],"_links":{"self":[{"href":"https:\/\/expressaoms.com.br\/index.php\/wp-json\/wp\/v2\/posts\/31352"}],"collection":[{"href":"https:\/\/expressaoms.com.br\/index.php\/wp-json\/wp\/v2\/posts"}],"about":[{"href":"https:\/\/expressaoms.com.br\/index.php\/wp-json\/wp\/v2\/types\/post"}],"author":[{"embeddable":true,"href":"https:\/\/expressaoms.com.br\/index.php\/wp-json\/wp\/v2\/users\/2"}],"replies":[{"embeddable":true,"href":"https:\/\/expressaoms.com.br\/index.php\/wp-json\/wp\/v2\/comments?post=31352"}],"version-history":[{"count":1,"href":"https:\/\/expressaoms.com.br\/index.php\/wp-json\/wp\/v2\/posts\/31352\/revisions"}],"predecessor-version":[{"id":31354,"href":"https:\/\/expressaoms.com.br\/index.php\/wp-json\/wp\/v2\/posts\/31352\/revisions\/31354"}],"wp:featuredmedia":[{"embeddable":true,"href":"https:\/\/expressaoms.com.br\/index.php\/wp-json\/wp\/v2\/media\/31353"}],"wp:attachment":[{"href":"https:\/\/expressaoms.com.br\/index.php\/wp-json\/wp\/v2\/media?parent=31352"}],"wp:term":[{"taxonomy":"category","embeddable":true,"href":"https:\/\/expressaoms.com.br\/index.php\/wp-json\/wp\/v2\/categories?post=31352"},{"taxonomy":"post_tag","embeddable":true,"href":"https:\/\/expressaoms.com.br\/index.php\/wp-json\/wp\/v2\/tags?post=31352"}],"curies":[{"name":"wp","href":"https:\/\/api.w.org\/{rel}","templated":true}]}}