{"id":31358,"date":"2024-12-11T09:24:53","date_gmt":"2024-12-11T13:24:53","guid":{"rendered":"https:\/\/expressaoms.com.br\/?p=31358"},"modified":"2024-12-11T09:24:53","modified_gmt":"2024-12-11T13:24:53","slug":"feira-de-natal-aclams-traz-artesanato-e-doces-caseiros-para-encantar-tres-lagoas","status":"publish","type":"post","link":"https:\/\/expressaoms.com.br\/index.php\/2024\/12\/11\/feira-de-natal-aclams-traz-artesanato-e-doces-caseiros-para-encantar-tres-lagoas\/","title":{"rendered":"Feira de Natal ACLAMS traz artesanato e doces caseiros para encantar Tr\u00eas Lagoas"},"content":{"rendered":"<p>A magia do Natal vai aumentar em Tr\u00eas Lagoas com a Feira de Natal ACLAMS, promovida pela Associa\u00e7\u00e3o Costa Leste de Artes\u00e3os do Mato Grosso do Sul (ACLAMS), em parceria com a Diretoria de Cultura, vinculada \u00e0 Secretaria Municipal de Educa\u00e7\u00e3o e Cultura (SEMEC).<\/p>\n<p>Ser\u00e3o duas datas e locais distintos para a Feira, com momentos especiais recheados de criatividade, sabor e esp\u00edrito natalino. Os visitantes poder\u00e3o apreciar e adquirir pe\u00e7as de artesanato local, cuidadosamente elaboradas por talentosos artes\u00f5es da regi\u00e3o. Desde decora\u00e7\u00f5es natalinas encantadoras at\u00e9 presentes \u00fanicos e personalizados, a feira oferece op\u00e7\u00f5es para todos os gostos.<\/p>\n<p>Al\u00e9m disso, a Feira contar\u00e1 com uma deliciosa sele\u00e7\u00e3o de doces caseiros, incluindo bolos, brigadeiros, biscoitos e outras del\u00edcias irresist\u00edveis que prometem ado\u00e7ar o Natal de toda a fam\u00edlia.<\/p>\n<p><strong>PRIMEIRA EDI\u00c7\u00c3O DA FEIRA<\/strong><\/p>\n<p>Data: 13 a 15 de dezembro<\/p>\n<p>Hor\u00e1rio: Das 17h \u00e0s 21h<\/p>\n<p>Local: Em frente \u00e0 Casa do Artes\u00e3o (que estar\u00e1 aberta ao p\u00fablico durante o evento)<\/p>\n<p>Endere\u00e7o: Av. Aldair Rosa de Oliveira, n\u00ba 470<\/p>\n<p><strong>SEGUNDA EDI\u00c7\u00c3O<\/strong><\/p>\n<p>Data: 19 a 22 de dezembro<\/p>\n<p>Hor\u00e1rio: Das 18h30 \u00e0s 22h<\/p>\n<p>Local: Pra\u00e7a Ramez Tebet<\/p>\n<p>Endere\u00e7o: Avenida Ros\u00e1rio Congro com Avenida Ant\u00f4nio Trajano<\/p>\n","protected":false},"excerpt":{"rendered":"<p>A magia do Natal vai aumentar em Tr\u00eas Lagoas com a Feira de Natal ACLAMS, promovida pela Associa\u00e7\u00e3o Costa Leste de Artes\u00e3os do Mato Grosso do Sul (ACLAMS), em parceria com a Diretoria de Cultura, vinculada \u00e0 Secretaria Municipal de Educa\u00e7\u00e3o e Cultura (SEMEC). Ser\u00e3o duas datas e locais distintos para a Feira, com momentos [&hellip;]<\/p>\n","protected":false},"author":2,"featured_media":31359,"comment_status":"open","ping_status":"open","sticky":false,"template":"","format":"standard","meta":{"om_disable_all_campaigns":false,"_monsterinsights_skip_tracking":false,"_monsterinsights_sitenote_active":false,"_monsterinsights_sitenote_note":"","_monsterinsights_sitenote_category":0,"footnotes":""},"categories":[36,48],"tags":[],"aioseo_notices":[],"_links":{"self":[{"href":"https:\/\/expressaoms.com.br\/index.php\/wp-json\/wp\/v2\/posts\/31358"}],"collection":[{"href":"https:\/\/expressaoms.com.br\/index.php\/wp-json\/wp\/v2\/posts"}],"about":[{"href":"https:\/\/expressaoms.com.br\/index.php\/wp-json\/wp\/v2\/types\/post"}],"author":[{"embeddable":true,"href":"https:\/\/expressaoms.com.br\/index.php\/wp-json\/wp\/v2\/users\/2"}],"replies":[{"embeddable":true,"href":"https:\/\/expressaoms.com.br\/index.php\/wp-json\/wp\/v2\/comments?post=31358"}],"version-history":[{"count":1,"href":"https:\/\/expressaoms.com.br\/index.php\/wp-json\/wp\/v2\/posts\/31358\/revisions"}],"predecessor-version":[{"id":31360,"href":"https:\/\/expressaoms.com.br\/index.php\/wp-json\/wp\/v2\/posts\/31358\/revisions\/31360"}],"wp:featuredmedia":[{"embeddable":true,"href":"https:\/\/expressaoms.com.br\/index.php\/wp-json\/wp\/v2\/media\/31359"}],"wp:attachment":[{"href":"https:\/\/expressaoms.com.br\/index.php\/wp-json\/wp\/v2\/media?parent=31358"}],"wp:term":[{"taxonomy":"category","embeddable":true,"href":"https:\/\/expressaoms.com.br\/index.php\/wp-json\/wp\/v2\/categories?post=31358"},{"taxonomy":"post_tag","embeddable":true,"href":"https:\/\/expressaoms.com.br\/index.php\/wp-json\/wp\/v2\/tags?post=31358"}],"curies":[{"name":"wp","href":"https:\/\/api.w.org\/{rel}","templated":true}]}}