{"id":31396,"date":"2024-12-13T09:24:24","date_gmt":"2024-12-13T13:24:24","guid":{"rendered":"https:\/\/expressaoms.com.br\/?p=31396"},"modified":"2024-12-13T09:24:24","modified_gmt":"2024-12-13T13:24:24","slug":"tres-lagoas-intensifica-combate-ao-aedes-aegypti-em-alerta-ao-risco-do-aumento-de-casos-de-dengue","status":"publish","type":"post","link":"https:\/\/expressaoms.com.br\/index.php\/2024\/12\/13\/tres-lagoas-intensifica-combate-ao-aedes-aegypti-em-alerta-ao-risco-do-aumento-de-casos-de-dengue\/","title":{"rendered":"Tr\u00eas Lagoas intensifica combate ao Aedes aegypti em alerta ao risco do aumento de casos de dengue"},"content":{"rendered":"<p data-raofz=\"16\">Dados recentes do Levantamento de \u00cdndice R\u00e1pido do Aedes aegypti (LIRAa) produzido pela Prefeitura de Tr\u00eas Lagoas, por meio da Secretaria Municipal de Sa\u00fade (SMS) e do Setor de Endemias, realizado entre os dias 28 de outubro e 1\u00ba de novembro, indicaram um \u00edndice de infesta\u00e7\u00e3o predial de 4%, classificado como \u201cRisco\u201d pelo Minist\u00e9rio da Sa\u00fade.<\/p>\n<p data-raofz=\"16\">Diante desse cen\u00e1rio, a SMS refor\u00e7a o alerta \u00e0 popula\u00e7\u00e3o diante do risco do aumento dos casos de dengue no munic\u00edpio. A Administra\u00e7\u00e3o Municipal elaborou um plano de a\u00e7\u00e3o com diversas atividades para intensificar o trabalho realizado na cidade, incluindo a Semana D de Combate ao Aedes aegypti, que come\u00e7ou nesta semana. Em parceria com entidades do Comit\u00ea de Mobiliza\u00e7\u00e3o e Combate ao Aedes aegypti, a programa\u00e7\u00e3o inclui visitas para vistoria, elimina\u00e7\u00e3o e tratamento de criadouros, al\u00e9m de orienta\u00e7\u00f5es sobre preven\u00e7\u00e3o.<\/p>\n<p data-raofz=\"16\"><strong>\u00d3BITO<\/strong><\/p>\n<p data-raofz=\"16\">O munic\u00edpio registrou recentemente um \u00f3bito causado pela dengue tipo II, refor\u00e7ando a gravidade da situa\u00e7\u00e3o e a urg\u00eancia de medidas preventivas. Al\u00e9m da dengue, o Aedes aegypti \u00e9 respons\u00e1vel pela transmiss\u00e3o de outras arboviroses, como zika e chikungunya.<\/p>\n<p data-raofz=\"16\"><strong>DIA D DE COMBATE \u00c0S ARBOVIROSES<\/strong><\/p>\n<p data-raofz=\"16\">Nesta semana acontecem inspe\u00e7\u00f5es em unidades da Secretaria de Sa\u00fade, escolas municipais e estaduais, \u00f3rg\u00e3os p\u00fablicos, o Ex\u00e9rcito e o Pa\u00e7o Municipal. O cronograma inclui tratamento focal com larvicidas, a\u00e7\u00f5es de controle de vetores e atividades educativas, para o Dia D de combate \u00e0s arboviroses, que ocorrer\u00e1 em 17 de dezembro. A data contar\u00e1 com uma blitz educativa na \u00e1rea central, promovendo a conscientiza\u00e7\u00e3o da popula\u00e7\u00e3o.<\/p>\n<p data-raofz=\"16\"><strong>PER\u00cdODO DE CHUVAS INTENSIFICADO<\/strong><\/p>\n<p data-raofz=\"16\">Com o per\u00edodo de chuvas intensificado, \u00e9 essencial que toda a comunidade \u2013 incluindo o setor p\u00fablico, o setor privado e os moradores \u2013 colabore ativamente nas a\u00e7\u00f5es de combate ao mosquito. Medidas como a elimina\u00e7\u00e3o de materiais inserv\u00edveis, a limpeza de dep\u00f3sitos de \u00e1gua, a prote\u00e7\u00e3o de caixas d\u2019\u00e1gua, o uso de areia nos pratinhos de plantas e a manuten\u00e7\u00e3o de calhas e ralos s\u00e3o fundamentais para reduzir a prolifera\u00e7\u00e3o do Aedes aegypti.<\/p>\n<p data-raofz=\"16\">A Prefeitura de Tr\u00eas Lagoas convoca todos os cidad\u00e3os a se unirem na luta contra o mosquito. Juntos, podemos proteger nossas fam\u00edlias e a sa\u00fade de todos. Para mais informa\u00e7\u00f5es ou orienta\u00e7\u00f5es, procure a Secretaria Municipal de Sa\u00fade ou o Setor de Endemias, atrav\u00e9s do telefone 55 67 8139-3193.<\/p>\n","protected":false},"excerpt":{"rendered":"<p>Dados recentes do Levantamento de \u00cdndice R\u00e1pido do Aedes aegypti (LIRAa) produzido pela Prefeitura de Tr\u00eas Lagoas, por meio da Secretaria Municipal de Sa\u00fade (SMS) e do Setor de Endemias, realizado entre os dias 28 de outubro e 1\u00ba de novembro, indicaram um \u00edndice de infesta\u00e7\u00e3o predial de 4%, classificado como \u201cRisco\u201d pelo Minist\u00e9rio da [&hellip;]<\/p>\n","protected":false},"author":2,"featured_media":31397,"comment_status":"open","ping_status":"open","sticky":false,"template":"","format":"standard","meta":{"om_disable_all_campaigns":false,"_monsterinsights_skip_tracking":false,"_monsterinsights_sitenote_active":false,"_monsterinsights_sitenote_note":"","_monsterinsights_sitenote_category":0,"footnotes":""},"categories":[36,44,48],"tags":[],"aioseo_notices":[],"_links":{"self":[{"href":"https:\/\/expressaoms.com.br\/index.php\/wp-json\/wp\/v2\/posts\/31396"}],"collection":[{"href":"https:\/\/expressaoms.com.br\/index.php\/wp-json\/wp\/v2\/posts"}],"about":[{"href":"https:\/\/expressaoms.com.br\/index.php\/wp-json\/wp\/v2\/types\/post"}],"author":[{"embeddable":true,"href":"https:\/\/expressaoms.com.br\/index.php\/wp-json\/wp\/v2\/users\/2"}],"replies":[{"embeddable":true,"href":"https:\/\/expressaoms.com.br\/index.php\/wp-json\/wp\/v2\/comments?post=31396"}],"version-history":[{"count":1,"href":"https:\/\/expressaoms.com.br\/index.php\/wp-json\/wp\/v2\/posts\/31396\/revisions"}],"predecessor-version":[{"id":31398,"href":"https:\/\/expressaoms.com.br\/index.php\/wp-json\/wp\/v2\/posts\/31396\/revisions\/31398"}],"wp:featuredmedia":[{"embeddable":true,"href":"https:\/\/expressaoms.com.br\/index.php\/wp-json\/wp\/v2\/media\/31397"}],"wp:attachment":[{"href":"https:\/\/expressaoms.com.br\/index.php\/wp-json\/wp\/v2\/media?parent=31396"}],"wp:term":[{"taxonomy":"category","embeddable":true,"href":"https:\/\/expressaoms.com.br\/index.php\/wp-json\/wp\/v2\/categories?post=31396"},{"taxonomy":"post_tag","embeddable":true,"href":"https:\/\/expressaoms.com.br\/index.php\/wp-json\/wp\/v2\/tags?post=31396"}],"curies":[{"name":"wp","href":"https:\/\/api.w.org\/{rel}","templated":true}]}}