{"id":31402,"date":"2024-12-13T09:28:08","date_gmt":"2024-12-13T13:28:08","guid":{"rendered":"https:\/\/expressaoms.com.br\/?p=31402"},"modified":"2024-12-13T09:28:08","modified_gmt":"2024-12-13T13:28:08","slug":"quiosques-e-parquinhos-do-balneario-municipal-seguirao-fechados-no-final-de-ano-devido-reformas","status":"publish","type":"post","link":"https:\/\/expressaoms.com.br\/index.php\/2024\/12\/13\/quiosques-e-parquinhos-do-balneario-municipal-seguirao-fechados-no-final-de-ano-devido-reformas\/","title":{"rendered":"Quiosques e parquinhos do Balne\u00e1rio Municipal seguir\u00e3o fechados no final de ano devido reformas"},"content":{"rendered":"<p data-raofz=\"16\">A Prefeitura de Tr\u00eas Lagoas, por meio da Administra\u00e7\u00e3o do Balne\u00e1rio Municipal, informa que os quiosques do recinto est\u00e3o passando por reforma, buscando oferecer mais conforto e seguran\u00e7a aos usu\u00e1rios. O parquinho infantil tamb\u00e9m est\u00e1 sendo revitalizado, o que mant\u00e9m essas \u00e1reas interditadas para o p\u00fablico.<\/p>\n<p data-raofz=\"16\">As obras continuar\u00e3o durante o per\u00edodo de festas, portanto, tanto os quiosques quanto o parquinho permanecer\u00e3o fechados no Natal e no Ano Novo.<\/p>\n<p data-raofz=\"16\">Ainda assim, os visitantes poder\u00e3o aproveitar as demais \u00e1reas do balne\u00e1rio, como a praia com bancos e a sombra das \u00e1rvores, al\u00e9m da \u00e1rea de banho no Rio Sucuri\u00fa. A rampa de acesso de barcos ao rio tamb\u00e9m segue funcionando normalmente.<\/p>\n<p data-raofz=\"16\">SERVI\u00c7O<\/p>\n<p data-raofz=\"16\">O Balne\u00e1rio Municipal funciona de ter\u00e7a a domingo, das 8h \u00e0s 18h e tem entrada gratuita para todos os visitantes. Para usar a rampa de barcos, os propriet\u00e1rios de embarca\u00e7\u00f5es podem agendar e pagar o uso no guich\u00ea do recinto ou entrar em contato por liga\u00e7\u00e3o ou WhatsApp pelo (67) 99153-1229. Esse mesmo n\u00famero tamb\u00e9m est\u00e1 dispon\u00edvel para tirar d\u00favidas sobre o funcionamento do local.<\/p>\n","protected":false},"excerpt":{"rendered":"<p>A Prefeitura de Tr\u00eas Lagoas, por meio da Administra\u00e7\u00e3o do Balne\u00e1rio Municipal, informa que os quiosques do recinto est\u00e3o passando por reforma, buscando oferecer mais conforto e seguran\u00e7a aos usu\u00e1rios. O parquinho infantil tamb\u00e9m est\u00e1 sendo revitalizado, o que mant\u00e9m essas \u00e1reas interditadas para o p\u00fablico. As obras continuar\u00e3o durante o per\u00edodo de festas, portanto, [&hellip;]<\/p>\n","protected":false},"author":2,"featured_media":31403,"comment_status":"open","ping_status":"open","sticky":false,"template":"","format":"standard","meta":{"om_disable_all_campaigns":false,"_monsterinsights_skip_tracking":false,"_monsterinsights_sitenote_active":false,"_monsterinsights_sitenote_note":"","_monsterinsights_sitenote_category":0,"footnotes":""},"categories":[36,48],"tags":[],"aioseo_notices":[],"_links":{"self":[{"href":"https:\/\/expressaoms.com.br\/index.php\/wp-json\/wp\/v2\/posts\/31402"}],"collection":[{"href":"https:\/\/expressaoms.com.br\/index.php\/wp-json\/wp\/v2\/posts"}],"about":[{"href":"https:\/\/expressaoms.com.br\/index.php\/wp-json\/wp\/v2\/types\/post"}],"author":[{"embeddable":true,"href":"https:\/\/expressaoms.com.br\/index.php\/wp-json\/wp\/v2\/users\/2"}],"replies":[{"embeddable":true,"href":"https:\/\/expressaoms.com.br\/index.php\/wp-json\/wp\/v2\/comments?post=31402"}],"version-history":[{"count":1,"href":"https:\/\/expressaoms.com.br\/index.php\/wp-json\/wp\/v2\/posts\/31402\/revisions"}],"predecessor-version":[{"id":31404,"href":"https:\/\/expressaoms.com.br\/index.php\/wp-json\/wp\/v2\/posts\/31402\/revisions\/31404"}],"wp:featuredmedia":[{"embeddable":true,"href":"https:\/\/expressaoms.com.br\/index.php\/wp-json\/wp\/v2\/media\/31403"}],"wp:attachment":[{"href":"https:\/\/expressaoms.com.br\/index.php\/wp-json\/wp\/v2\/media?parent=31402"}],"wp:term":[{"taxonomy":"category","embeddable":true,"href":"https:\/\/expressaoms.com.br\/index.php\/wp-json\/wp\/v2\/categories?post=31402"},{"taxonomy":"post_tag","embeddable":true,"href":"https:\/\/expressaoms.com.br\/index.php\/wp-json\/wp\/v2\/tags?post=31402"}],"curies":[{"name":"wp","href":"https:\/\/api.w.org\/{rel}","templated":true}]}}