{"id":31408,"date":"2024-12-13T09:44:01","date_gmt":"2024-12-13T13:44:01","guid":{"rendered":"https:\/\/expressaoms.com.br\/?p=31408"},"modified":"2024-12-13T09:44:01","modified_gmt":"2024-12-13T13:44:01","slug":"fim-de-semana-tem-previsao-de-chuva-com-tempestades-pontuais-no-estado","status":"publish","type":"post","link":"https:\/\/expressaoms.com.br\/index.php\/2024\/12\/13\/fim-de-semana-tem-previsao-de-chuva-com-tempestades-pontuais-no-estado\/","title":{"rendered":"Fim de semana tem previs\u00e3o de chuva, com tempestades pontuais no Estado"},"content":{"rendered":"<p>A previs\u00e3o para este fim de semana \u00e9 de chuva com intensidade fraca e moderada em diferentes regi\u00f5es do Estado. Podem ocorrer tempestades pontuais, acompanhadas de raios, rajadas de vento e queda de granizo. As temperaturas podem chegar a 34\u00b0C na regi\u00e3o do Pantanal.<\/p>\n<p>De acordo com o Cemtec (Centro de Monitoramento do Tempo e do Clima), esta situa\u00e7\u00e3o meteorol\u00f3gica ocorre devido a forma\u00e7\u00e3o de uma \u00e1rea de baixa press\u00e3o atmosf\u00e9rica, aliado ao deslocamento de cavados. A aproxima\u00e7\u00e3o e o avan\u00e7o de um novo sistema frontal, aliado ao transporte de calor e umidade refor\u00e7am as instabilidades atmosf\u00e9ricas no Estado.<\/p>\n<p>Nesta sexta-feira (13) e s\u00e1bado (14) as m\u00ednimas est\u00e3o entre 21-23\u00b0C e m\u00e1ximas entre 26-30\u00b0C nas regi\u00f5es sul, leste e sudeste do Estado. J\u00e1 nas regi\u00f5es pantaneira e sudoeste fica entre 24-27\u00b0C (m\u00ednimas) e 28-34\u00b0C (m\u00e1ximas).\u00a0 Para o bols\u00e3o e norte varia de 22\u00b0C (m\u00ednima) e 30\u00b0C (m\u00e1xima). Na Capital pode chegar a 30\u00b0C, com m\u00ednima de 22\u00b0C.<\/p>\n<p>J\u00e1 no domingo (15) com o avan\u00e7o da frente fria, a previs\u00e3o indica tempo com sol e varia\u00e7\u00e3o de nebulosidade, principalmente nas regi\u00f5es sul, sudeste e sudoeste do estado. Nas outras regi\u00f5es do Estado h\u00e1 probabilidade para chuvas de intensidade fraca a moderada.<\/p>\n<p>Pontualmente, podem ocorrer chuvas mais intensas e tempestades acompanhadas de raios e rajadas de vento. Al\u00e9m disso, podem ocorrer acumulados significativos de chuvas, podendo ultrapassar os 30 mm\/24h.<\/p>\n<p>Em Campo Grande a varia\u00e7\u00e3o ser\u00e1 entre 22\u00b0C (m\u00ednima) e 30\u00b0C (m\u00e1xima). J\u00e1 em Corumb\u00e1 fica entre 25\u00b0C e 31\u00b0C. Na cidade de Tr\u00eas Lagoas a m\u00ednima ser\u00e1 de 23\u00b0C e m\u00e1xima 29\u00b0C. Para Dourados a m\u00e1xima fica em 32\u00b0C e a m\u00ednima de 20\u00b0C.<\/p>\n<div id=\"gallery-1\" class=\"gallery galleryid-498835 gallery-columns-1 gallery-size-large\">\n<figure class=\"gallery-item\">\n<div class=\"gallery-icon landscape\"><a href=\"https:\/\/agenciadenoticias.ms.gov.br\/fim-de-semana-tem-previsao-de-chuva-com-tempestades-pontuais-no-estado\/tempo-1312\/\"><img fetchpriority=\"high\" decoding=\"async\" class=\"attachment-large size-large\" src=\"https:\/\/agenciadenoticias.ms.gov.br\/wp-content\/uploads\/2024\/12\/tempo-1312.jpg\" sizes=\"(max-width: 566px) 100vw, 566px\" srcset=\"https:\/\/agenciadenoticias.ms.gov.br\/wp-content\/uploads\/2024\/12\/tempo-1312.jpg 566w, https:\/\/agenciadenoticias.ms.gov.br\/wp-content\/uploads\/2024\/12\/tempo-1312-300x213.jpg 300w, https:\/\/agenciadenoticias.ms.gov.br\/wp-content\/uploads\/2024\/12\/tempo-1312-339x240.jpg 339w\" alt=\"\" width=\"566\" height=\"401\" \/><\/a><\/div>\n<\/figure>\n<figure class=\"gallery-item\">\n<div class=\"gallery-icon landscape\"><a href=\"https:\/\/agenciadenoticias.ms.gov.br\/fim-de-semana-tem-previsao-de-chuva-com-tempestades-pontuais-no-estado\/attachment\/1412\/\"><img decoding=\"async\" class=\"attachment-large size-large\" src=\"https:\/\/agenciadenoticias.ms.gov.br\/wp-content\/uploads\/2024\/12\/1412.jpg\" sizes=\"(max-width: 570px) 100vw, 570px\" srcset=\"https:\/\/agenciadenoticias.ms.gov.br\/wp-content\/uploads\/2024\/12\/1412.jpg 570w, https:\/\/agenciadenoticias.ms.gov.br\/wp-content\/uploads\/2024\/12\/1412-300x215.jpg 300w, https:\/\/agenciadenoticias.ms.gov.br\/wp-content\/uploads\/2024\/12\/1412-335x240.jpg 335w\" alt=\"\" width=\"570\" height=\"408\" \/><\/a><\/div>\n<\/figure>\n<figure class=\"gallery-item\">\n<div class=\"gallery-icon landscape\"><a href=\"https:\/\/agenciadenoticias.ms.gov.br\/fim-de-semana-tem-previsao-de-chuva-com-tempestades-pontuais-no-estado\/attachment\/1512\/\"><img decoding=\"async\" class=\"attachment-large size-large\" src=\"https:\/\/agenciadenoticias.ms.gov.br\/wp-content\/uploads\/2024\/12\/1512.jpg\" sizes=\"auto, (max-width: 564px) 100vw, 564px\" srcset=\"https:\/\/agenciadenoticias.ms.gov.br\/wp-content\/uploads\/2024\/12\/1512.jpg 564w, https:\/\/agenciadenoticias.ms.gov.br\/wp-content\/uploads\/2024\/12\/1512-300x213.jpg 300w, https:\/\/agenciadenoticias.ms.gov.br\/wp-content\/uploads\/2024\/12\/1512-338x240.jpg 338w\" alt=\"\" width=\"564\" height=\"401\" \/><\/a><\/div>\n<\/figure>\n<\/div>\n","protected":false},"excerpt":{"rendered":"<p>A previs\u00e3o para este fim de semana \u00e9 de chuva com intensidade fraca e moderada em diferentes regi\u00f5es do Estado. Podem ocorrer tempestades pontuais, acompanhadas de raios, rajadas de vento e queda de granizo. As temperaturas podem chegar a 34\u00b0C na regi\u00e3o do Pantanal. De acordo com o Cemtec (Centro de Monitoramento do Tempo e [&hellip;]<\/p>\n","protected":false},"author":2,"featured_media":31409,"comment_status":"open","ping_status":"open","sticky":false,"template":"","format":"standard","meta":{"om_disable_all_campaigns":false,"_monsterinsights_skip_tracking":false,"_monsterinsights_sitenote_active":false,"_monsterinsights_sitenote_note":"","_monsterinsights_sitenote_category":0,"footnotes":""},"categories":[36,266,47],"tags":[],"aioseo_notices":[],"_links":{"self":[{"href":"https:\/\/expressaoms.com.br\/index.php\/wp-json\/wp\/v2\/posts\/31408"}],"collection":[{"href":"https:\/\/expressaoms.com.br\/index.php\/wp-json\/wp\/v2\/posts"}],"about":[{"href":"https:\/\/expressaoms.com.br\/index.php\/wp-json\/wp\/v2\/types\/post"}],"author":[{"embeddable":true,"href":"https:\/\/expressaoms.com.br\/index.php\/wp-json\/wp\/v2\/users\/2"}],"replies":[{"embeddable":true,"href":"https:\/\/expressaoms.com.br\/index.php\/wp-json\/wp\/v2\/comments?post=31408"}],"version-history":[{"count":1,"href":"https:\/\/expressaoms.com.br\/index.php\/wp-json\/wp\/v2\/posts\/31408\/revisions"}],"predecessor-version":[{"id":31410,"href":"https:\/\/expressaoms.com.br\/index.php\/wp-json\/wp\/v2\/posts\/31408\/revisions\/31410"}],"wp:featuredmedia":[{"embeddable":true,"href":"https:\/\/expressaoms.com.br\/index.php\/wp-json\/wp\/v2\/media\/31409"}],"wp:attachment":[{"href":"https:\/\/expressaoms.com.br\/index.php\/wp-json\/wp\/v2\/media?parent=31408"}],"wp:term":[{"taxonomy":"category","embeddable":true,"href":"https:\/\/expressaoms.com.br\/index.php\/wp-json\/wp\/v2\/categories?post=31408"},{"taxonomy":"post_tag","embeddable":true,"href":"https:\/\/expressaoms.com.br\/index.php\/wp-json\/wp\/v2\/tags?post=31408"}],"curies":[{"name":"wp","href":"https:\/\/api.w.org\/{rel}","templated":true}]}}