{"id":31487,"date":"2024-12-19T07:45:35","date_gmt":"2024-12-19T11:45:35","guid":{"rendered":"https:\/\/expressaoms.com.br\/?p=31487"},"modified":"2024-12-19T07:45:35","modified_gmt":"2024-12-19T11:45:35","slug":"certificacao-da-onu-novas-pracas-suporte-a-pesquisa-e-ao-homem-do-campo-marcaram-a-gestao-no-meio-ambiente","status":"publish","type":"post","link":"https:\/\/expressaoms.com.br\/index.php\/2024\/12\/19\/certificacao-da-onu-novas-pracas-suporte-a-pesquisa-e-ao-homem-do-campo-marcaram-a-gestao-no-meio-ambiente\/","title":{"rendered":"Certifica\u00e7\u00e3o da ONU, novas pra\u00e7as, suporte \u00e0 pesquisa e ao homem do campo marcaram a gest\u00e3o no Meio Ambiente"},"content":{"rendered":"<p data-raofz=\"16\">A Secretaria Municipal de Meio Ambiente e Agroneg\u00f3cio (SEMEA) tem se destacado ao longo da gest\u00e3o do Prefeito Angelo Guerreiro (2017 \u2013 2024), pela atua\u00e7\u00e3o em diversas frentes voltadas \u00e0 sustentabilidade ambiental e ao fortalecimento do setor agropecu\u00e1rio. Seu foco principal \u00e9 o desenvolvimento equilibrado e o bem-estar da popula\u00e7\u00e3o, com a implementa\u00e7\u00e3o de projetos que promovem a preserva\u00e7\u00e3o ambiental, a melhoria da qualidade de vida urbana e o incentivo \u00e0 agricultura familiar.<\/p>\n<p data-raofz=\"16\"><strong>PRINCIPAIS REALIZA\u00c7\u00d5ES DA SEMEA<\/strong><\/p>\n<ul class=\"wp-block-list\">\n<li data-raofz=\"16\">Coleta de lixo eletr\u00f4nico: Realiza\u00e7\u00e3o de campanhas para recolher eletrodom\u00e9sticos e produtos eletr\u00f4nicos n\u00e3o serv\u00edveis, garantindo destina\u00e7\u00e3o ambientalmente correta.<\/li>\n<li data-raofz=\"16\">Certifica\u00e7\u00e3o \u201cTree Cities of the World\u201d: Reconhecimento internacional pela excel\u00eancia na gest\u00e3o de arboriza\u00e7\u00e3o urbana, sendo Tr\u00eas Lagoas um dos 34 munic\u00edpios brasileiros certificados pela ONU, e um dos dois no Mato Grosso do Sul.<\/li>\n<li data-raofz=\"16\">Projeto 1.000 \u00c1rvores: Supera\u00e7\u00e3o da meta inicial, com o plantio de mais de 1.400 mudas ao longo do ano, fomentando a arboriza\u00e7\u00e3o urbana e a preserva\u00e7\u00e3o ambiental.<\/li>\n<li data-raofz=\"16\">Nova sede da SEMEA: Instala\u00e7\u00e3o em sede pr\u00f3pria, revitalizando o pr\u00e9dio hist\u00f3rico da Chamin\u00e9 da NOB, pr\u00f3ximo \u00e0 Circular da Lagoa Maior, e oferecendo melhores condi\u00e7\u00f5es de trabalho e atendimento \u00e0 popula\u00e7\u00e3o.<\/li>\n<li data-raofz=\"16\">Implanta\u00e7\u00e3o de 12 novas pra\u00e7as: Nos bairros Setsul, Ip\u00eas, Quinta da Lagoa, Jardim Gl\u00f3ria, Novo Ipanema, Nova Tr\u00eas Lagoas, JK, Vila Haro, Jardim Imperial, Nova Americana, Osmar Dutra e Novo Oeste.<\/li>\n<li data-raofz=\"16\">Revitaliza\u00e7\u00e3o de 3 pra\u00e7as: Nos bairros Vila Verde, Jardim Alvorada e Jardim das Ac\u00e1cias.<\/li>\n<li data-raofz=\"16\">Implanta\u00e7\u00e3o do deck na Lagoa Maior: Cria\u00e7\u00e3o de mais um ponto tur\u00edstico que valoriza as belezas naturais do principal cart\u00e3o-postal da cidade.<\/li>\n<li data-raofz=\"16\">Conclus\u00e3o do Parque Natural Municipal do Pombo: Transforma\u00e7\u00e3o do local em refer\u00eancia como centro de pesquisas cient\u00edficas e educa\u00e7\u00e3o ambiental.<\/li>\n<li data-raofz=\"16\">Obras na Cascalheira (etapa 1): Cercamento e constru\u00e7\u00e3o de guarita, ampliando o monitoramento e a conserva\u00e7\u00e3o da fauna e flora, al\u00e9m de inibir crimes ambientais.<\/li>\n<li data-raofz=\"16\">Desburocratiza\u00e7\u00e3o do licenciamento ambiental: Simplifica\u00e7\u00e3o e agilidade nos processos de regulariza\u00e7\u00e3o de empreendimentos.<\/li>\n<\/ul>\n<p data-raofz=\"16\"><strong>REALIZA\u00c7\u00d5ES NO SETOR DO AGRONEG\u00d3CIO<\/strong><\/p>\n<ul class=\"wp-block-list\">\n<li data-raofz=\"16\">Programa Patrulha Agr\u00edcola Mecanizada: Apoio aos pequenos produtores rurais com fornecimento de implementos agr\u00edcolas e tratores, otimizando o plantio de diversas culturas.<\/li>\n<li data-raofz=\"16\">Transporte de insumos: Facilita\u00e7\u00e3o do transporte de insumos para pequenos produtores, agilizando os processos de aplica\u00e7\u00e3o.<\/li>\n<li data-raofz=\"16\">Programa Amigos do Campo: Incentivo \u00e0 agricultura familiar com pr\u00e1ticas sustent\u00e1veis.<\/li>\n<li data-raofz=\"16\">Assist\u00eancia t\u00e9cnica especializada: Orienta\u00e7\u00e3o aos pequenos produtores para melhorar o manejo das culturas e a produtividade agropecu\u00e1ria.<\/li>\n<li data-raofz=\"16\">Procedimentos veterin\u00e1rios gratuitos: Servi\u00e7os veterin\u00e1rios para a sa\u00fade e o bem-estar animal nas pequenas propriedades, promovendo maior produtividade.<\/li>\n<li data-raofz=\"16\">Projeto Biodigestor no Campo: Implementa\u00e7\u00e3o de biodigestores para transformar esterco animal em biog\u00e1s e biofertilizante, promovendo sustentabilidade nas propriedades rurais.<\/li>\n<li data-raofz=\"16\">Essas a\u00e7\u00f5es refor\u00e7am o compromisso da SEMEA com a sustentabilidade, o desenvolvimento rural e a melhoria da qualidade de vida em Tr\u00eas Lagoas.<\/li>\n<\/ul>\n","protected":false},"excerpt":{"rendered":"<p>A Secretaria Municipal de Meio Ambiente e Agroneg\u00f3cio (SEMEA) tem se destacado ao longo da gest\u00e3o do Prefeito Angelo Guerreiro (2017 \u2013 2024), pela atua\u00e7\u00e3o em diversas frentes voltadas \u00e0 sustentabilidade ambiental e ao fortalecimento do setor agropecu\u00e1rio. Seu foco principal \u00e9 o desenvolvimento equilibrado e o bem-estar da popula\u00e7\u00e3o, com a implementa\u00e7\u00e3o de projetos [&hellip;]<\/p>\n","protected":false},"author":2,"featured_media":31488,"comment_status":"open","ping_status":"open","sticky":false,"template":"","format":"standard","meta":{"om_disable_all_campaigns":false,"_monsterinsights_skip_tracking":false,"_monsterinsights_sitenote_active":false,"_monsterinsights_sitenote_note":"","_monsterinsights_sitenote_category":0,"footnotes":""},"categories":[36,48],"tags":[],"aioseo_notices":[],"_links":{"self":[{"href":"https:\/\/expressaoms.com.br\/index.php\/wp-json\/wp\/v2\/posts\/31487"}],"collection":[{"href":"https:\/\/expressaoms.com.br\/index.php\/wp-json\/wp\/v2\/posts"}],"about":[{"href":"https:\/\/expressaoms.com.br\/index.php\/wp-json\/wp\/v2\/types\/post"}],"author":[{"embeddable":true,"href":"https:\/\/expressaoms.com.br\/index.php\/wp-json\/wp\/v2\/users\/2"}],"replies":[{"embeddable":true,"href":"https:\/\/expressaoms.com.br\/index.php\/wp-json\/wp\/v2\/comments?post=31487"}],"version-history":[{"count":2,"href":"https:\/\/expressaoms.com.br\/index.php\/wp-json\/wp\/v2\/posts\/31487\/revisions"}],"predecessor-version":[{"id":31490,"href":"https:\/\/expressaoms.com.br\/index.php\/wp-json\/wp\/v2\/posts\/31487\/revisions\/31490"}],"wp:featuredmedia":[{"embeddable":true,"href":"https:\/\/expressaoms.com.br\/index.php\/wp-json\/wp\/v2\/media\/31488"}],"wp:attachment":[{"href":"https:\/\/expressaoms.com.br\/index.php\/wp-json\/wp\/v2\/media?parent=31487"}],"wp:term":[{"taxonomy":"category","embeddable":true,"href":"https:\/\/expressaoms.com.br\/index.php\/wp-json\/wp\/v2\/categories?post=31487"},{"taxonomy":"post_tag","embeddable":true,"href":"https:\/\/expressaoms.com.br\/index.php\/wp-json\/wp\/v2\/tags?post=31487"}],"curies":[{"name":"wp","href":"https:\/\/api.w.org\/{rel}","templated":true}]}}