{"id":31502,"date":"2024-12-19T09:13:04","date_gmt":"2024-12-19T13:13:04","guid":{"rendered":"https:\/\/expressaoms.com.br\/?p=31502"},"modified":"2024-12-19T10:52:06","modified_gmt":"2024-12-19T14:52:06","slug":"diplomacao-dos-eleitos-marca-momento-de-nova-lideranca-politica-em-tres-lagoas","status":"publish","type":"post","link":"https:\/\/expressaoms.com.br\/index.php\/2024\/12\/19\/diplomacao-dos-eleitos-marca-momento-de-nova-lideranca-politica-em-tres-lagoas\/","title":{"rendered":"Diploma\u00e7\u00e3o dos eleitos marca momento de nova lideran\u00e7a pol\u00edtica em Tr\u00eas Lagoas"},"content":{"rendered":"<p>Na tarde desta quarta-feira (18), o Tribunal do J\u00fari de Tr\u00eas Lagoas foi palco da cerim\u00f4nia de diploma\u00e7\u00e3o dos eleitos nas elei\u00e7\u00f5es municipais de 2024. O evento reuniu os prefeitos, vice-prefeitos e vereadores eleitos de Tr\u00eas Lagoas e Selv\u00edria, al\u00e9m de amigos, familiares, autoridades e a imprensa local.<\/p>\n<p>O destaque foi a diploma\u00e7\u00e3o do presidente da C\u00e2mara, vereador Dr. Cassiano Maia (PSDB), como novo prefeito de Tr\u00eas Lagoas, ap\u00f3s ser eleito com 68% dos votos v\u00e1lidos, totalizando 38.076 votos.<\/p>\n<div class=\"flex max-w-full flex-col flex-grow\">\n<div class=\"min-h-8 text-message flex w-full flex-col items-end gap-2 whitespace-normal break-words text-start [.text-message+&amp;]:mt-5\" dir=\"auto\" data-message-author-role=\"assistant\" data-message-id=\"e55a8e1f-0445-4ecf-b53c-edb5785d42f8\" data-message-model-slug=\"gpt-4o\">\n<div class=\"flex w-full flex-col gap-1 empty:hidden first:pt-[3px]\">\n<div class=\"markdown prose w-full break-words dark:prose-invert dark\">\n<p>Com a diploma\u00e7\u00e3o do prefeito eleito Dr. Cassiano Maia (PSDB), Tr\u00eas Lagoas inicia uma nova fase na lideran\u00e7a pol\u00edtica do munic\u00edpio, marcada pela promessa de inova\u00e7\u00e3o e continuidade do progresso. Cassiano assume a chefia do Executivo Municipal com a responsabilidade de manter a estabilidade administrativa e implementar uma gest\u00e3o que atenda \u00e0s demandas da popula\u00e7\u00e3o. Sob sua lideran\u00e7a, espera-se a continuidade da articula\u00e7\u00e3o entre o Executivo e o Legislativo, refletindo o compromisso de fortalecer pol\u00edticas p\u00fablicas e promover o desenvolvimento sustent\u00e1vel da cidade.<\/p>\n<\/div>\n<\/div>\n<\/div>\n<\/div>\n<p>Al\u00e9m dele, 15 vereadores foram diplomados para compor a legislatura 2025-2028 na C\u00e2mara Municipal. Entre os eleitos, sete garantiram a reelei\u00e7\u00e3o, e oito ocupar\u00e3o a cadeira pela primeira vez. Confira a lista completa:<\/p>\n<ol>\n<li>Sargento Rodrigues \u2013 1.921 votos<\/li>\n<li>Tonh\u00e3o \u2013 1.632 votos<\/li>\n<li>Silverado \u2013 1.572 votos<\/li>\n<li>Marcus Baz\u00e9 \u2013 1.523 votos<\/li>\n<li>M\u00e1rio Grespan \u2013 1.499 votos<\/li>\n<li>Davis Martinelli \u2013 1.494 votos<\/li>\n<li>Sirlene dos Santos \u2013 1.331 votos<\/li>\n<li>Fernando Jurado \u2013 1.301 votos<\/li>\n<li>Evalda Reis \u2013 1.237 votos<\/li>\n<li>Robson do Alinhamento \u2013 1.228 votos<\/li>\n<li>Mi do Santa Luzia \u2013 1.213 votos<\/li>\n<li>Marco Silva \u2013 1.048 votos<\/li>\n<li>Daniel da Farm\u00e1cia \u2013 966 votos<\/li>\n<li>Professora Maria Diogo \u2013 930 votos<\/li>\n<li>Professor Pedrinho J\u00fanior \u2013 850 votos<\/li>\n<\/ol>\n<p>A posse dos eleitos est\u00e1 agendada para o dia 1\u00ba de janeiro, \u00e0s 14h, no anfiteatro do campus II da UFMS. Na ocasi\u00e3o, al\u00e9m da cerim\u00f4nia de posse, ser\u00e1 realizada a elei\u00e7\u00e3o da nova Mesa Diretora da C\u00e2mara Municipal para o bi\u00eanio inicial da legislatura. Segundo apura\u00e7\u00e3o do <strong>Express\u00e3o MS <\/strong>logo nos primeiros dias ap\u00f3s a\u00a0elei\u00e7\u00e3o ficou definido que, Ant\u00f4nio Empke J\u00fanior, o Tonh\u00e3o, vereador mais experiente com seis mandatos consecutivos e o segundo mais votado, foi escolhido para ocupar a presid\u00eancia da Casa.<\/p>\n","protected":false},"excerpt":{"rendered":"<p>Na tarde desta quarta-feira (18), o Tribunal do J\u00fari de Tr\u00eas Lagoas foi palco da cerim\u00f4nia de diploma\u00e7\u00e3o dos eleitos nas elei\u00e7\u00f5es municipais de 2024. O evento reuniu os prefeitos, vice-prefeitos e vereadores eleitos de Tr\u00eas Lagoas e Selv\u00edria, al\u00e9m de amigos, familiares, autoridades e a imprensa local. O destaque foi a diploma\u00e7\u00e3o do presidente [&hellip;]<\/p>\n","protected":false},"author":2,"featured_media":31509,"comment_status":"open","ping_status":"open","sticky":false,"template":"","format":"standard","meta":{"om_disable_all_campaigns":false,"_monsterinsights_skip_tracking":false,"_monsterinsights_sitenote_active":false,"_monsterinsights_sitenote_note":"","_monsterinsights_sitenote_category":0,"footnotes":""},"categories":[42,48],"tags":[],"aioseo_notices":[],"_links":{"self":[{"href":"https:\/\/expressaoms.com.br\/index.php\/wp-json\/wp\/v2\/posts\/31502"}],"collection":[{"href":"https:\/\/expressaoms.com.br\/index.php\/wp-json\/wp\/v2\/posts"}],"about":[{"href":"https:\/\/expressaoms.com.br\/index.php\/wp-json\/wp\/v2\/types\/post"}],"author":[{"embeddable":true,"href":"https:\/\/expressaoms.com.br\/index.php\/wp-json\/wp\/v2\/users\/2"}],"replies":[{"embeddable":true,"href":"https:\/\/expressaoms.com.br\/index.php\/wp-json\/wp\/v2\/comments?post=31502"}],"version-history":[{"count":4,"href":"https:\/\/expressaoms.com.br\/index.php\/wp-json\/wp\/v2\/posts\/31502\/revisions"}],"predecessor-version":[{"id":31507,"href":"https:\/\/expressaoms.com.br\/index.php\/wp-json\/wp\/v2\/posts\/31502\/revisions\/31507"}],"wp:featuredmedia":[{"embeddable":true,"href":"https:\/\/expressaoms.com.br\/index.php\/wp-json\/wp\/v2\/media\/31509"}],"wp:attachment":[{"href":"https:\/\/expressaoms.com.br\/index.php\/wp-json\/wp\/v2\/media?parent=31502"}],"wp:term":[{"taxonomy":"category","embeddable":true,"href":"https:\/\/expressaoms.com.br\/index.php\/wp-json\/wp\/v2\/categories?post=31502"},{"taxonomy":"post_tag","embeddable":true,"href":"https:\/\/expressaoms.com.br\/index.php\/wp-json\/wp\/v2\/tags?post=31502"}],"curies":[{"name":"wp","href":"https:\/\/api.w.org\/{rel}","templated":true}]}}