{"id":31518,"date":"2024-12-20T08:16:18","date_gmt":"2024-12-20T12:16:18","guid":{"rendered":"https:\/\/expressaoms.com.br\/?p=31518"},"modified":"2024-12-20T08:16:18","modified_gmt":"2024-12-20T12:16:18","slug":"quinta-fabrica-de-celulose-no-estado-gera-novo-ciclo-de-oportunidades-e-crescimento-em-inocencia","status":"publish","type":"post","link":"https:\/\/expressaoms.com.br\/index.php\/2024\/12\/20\/quinta-fabrica-de-celulose-no-estado-gera-novo-ciclo-de-oportunidades-e-crescimento-em-inocencia\/","title":{"rendered":"Quinta f\u00e1brica de celulose no Estado gera novo ciclo de oportunidades e crescimento em Inoc\u00eancia"},"content":{"rendered":"<p>Quem viaja pela MS-377 do trecho que liga \u00c1gua Clara a Inoc\u00eancia, consegue perceber nitidamente porque o MS j\u00e1 \u00e9 considerado o &#8220;Vale da Celulose&#8221;. Os pastos antigos de uma pecu\u00e1ria extensiva, deram lugar a milhares de hectares de florestas de eucalipto, que v\u00e3o alimentar uma gigante de celulose que come\u00e7a a despertar a 50 km de Inoc\u00eancia: o Projeto Sucuri\u00fa, da Arauco Brasil.<\/p>\n<p>No local, 1.800 homens trabalham de forma incessante na terraplanagem da planta industrial, que tem investimentos de mais de US$ 4,6 bilh\u00f5es e vai produzir 3,5 milh\u00f5es de toneladas. O processo consiste no preparo da \u00e1rea onde ser\u00e1 constru\u00edda a f\u00e1brica, a partir do primeiro trimestre de 2025. A previs\u00e3o para o in\u00edcio de opera\u00e7\u00e3o da f\u00e1brica \u00e9 para o segundo semestre de 2027.<\/p>\n<figure id=\"attachment_499591\" class=\"wp-caption aligncenter\" aria-describedby=\"caption-attachment-499591\"><a href=\"https:\/\/agenciadenoticias.ms.gov.br\/wp-content\/uploads\/2024\/12\/Arauco_Inocencia-2.jpg\"><img fetchpriority=\"high\" decoding=\"async\" class=\"wp-image-499591 size-large\" src=\"https:\/\/agenciadenoticias.ms.gov.br\/wp-content\/uploads\/2024\/12\/Arauco_Inocencia-2-1024x576.jpg\" sizes=\"(max-width: 1024px) 100vw, 1024px\" srcset=\"https:\/\/agenciadenoticias.ms.gov.br\/wp-content\/uploads\/2024\/12\/Arauco_Inocencia-2-1024x576.jpg 1024w, https:\/\/agenciadenoticias.ms.gov.br\/wp-content\/uploads\/2024\/12\/Arauco_Inocencia-2-300x169.jpg 300w, https:\/\/agenciadenoticias.ms.gov.br\/wp-content\/uploads\/2024\/12\/Arauco_Inocencia-2-768x432.jpg 768w, https:\/\/agenciadenoticias.ms.gov.br\/wp-content\/uploads\/2024\/12\/Arauco_Inocencia-2-1536x864.jpg 1536w, https:\/\/agenciadenoticias.ms.gov.br\/wp-content\/uploads\/2024\/12\/Arauco_Inocencia-2-350x197.jpg 350w, https:\/\/agenciadenoticias.ms.gov.br\/wp-content\/uploads\/2024\/12\/Arauco_Inocencia-2.jpg 1600w\" alt=\"\" width=\"1024\" height=\"576\" \/><\/a><figcaption id=\"caption-attachment-499591\" class=\"wp-caption-text\"><em>F\u00e1brica de celulose ser\u00e1 constru\u00edda em Inoc\u00eancia<\/em><\/figcaption><\/figure>\n<p>Na rodovia, um trevo na entrada do s\u00edtio, j\u00e1 mostra a intensa movimenta\u00e7\u00e3o de m\u00e1quinas e caminh\u00f5es na regi\u00e3o. Mais adiante a cerca de 8 km do munic\u00edpio in\u00fameros alojamentos foram constru\u00eddos para abrigar os trabalhadores vindos em sua maioria da regi\u00e3o Nordeste.<\/p>\n<figure id=\"attachment_444309\" class=\"wp-caption alignright\" aria-describedby=\"caption-attachment-444309\"><a href=\"https:\/\/agenciadenoticias.ms.gov.br\/wp-content\/uploads\/2023\/07\/Governador-Riedel-cumpre-agendas-no-Chile-Foto-Bruno-Rezende-21-scaled.jpg\"><img decoding=\"async\" class=\"wp-image-444309 size-medium\" src=\"https:\/\/agenciadenoticias.ms.gov.br\/wp-content\/uploads\/2023\/07\/Governador-Riedel-cumpre-agendas-no-Chile-Foto-Bruno-Rezende-21-300x225.jpg\" sizes=\"(max-width: 300px) 100vw, 300px\" srcset=\"https:\/\/agenciadenoticias.ms.gov.br\/wp-content\/uploads\/2023\/07\/Governador-Riedel-cumpre-agendas-no-Chile-Foto-Bruno-Rezende-21-300x225.jpg 300w, https:\/\/agenciadenoticias.ms.gov.br\/wp-content\/uploads\/2023\/07\/Governador-Riedel-cumpre-agendas-no-Chile-Foto-Bruno-Rezende-21-1024x768.jpg 1024w, https:\/\/agenciadenoticias.ms.gov.br\/wp-content\/uploads\/2023\/07\/Governador-Riedel-cumpre-agendas-no-Chile-Foto-Bruno-Rezende-21-768x576.jpg 768w, https:\/\/agenciadenoticias.ms.gov.br\/wp-content\/uploads\/2023\/07\/Governador-Riedel-cumpre-agendas-no-Chile-Foto-Bruno-Rezende-21-1536x1152.jpg 1536w, https:\/\/agenciadenoticias.ms.gov.br\/wp-content\/uploads\/2023\/07\/Governador-Riedel-cumpre-agendas-no-Chile-Foto-Bruno-Rezende-21-2048x1536.jpg 2048w, https:\/\/agenciadenoticias.ms.gov.br\/wp-content\/uploads\/2023\/07\/Governador-Riedel-cumpre-agendas-no-Chile-Foto-Bruno-Rezende-21-320x240.jpg 320w, https:\/\/agenciadenoticias.ms.gov.br\/wp-content\/uploads\/2023\/07\/Governador-Riedel-cumpre-agendas-no-Chile-Foto-Bruno-Rezende-21-scaled.jpg 1920w\" alt=\"\" width=\"300\" height=\"225\" \/><\/a><figcaption id=\"caption-attachment-444309\" class=\"wp-caption-text\">Governador em visita a Arauco no Chile<\/figcaption><\/figure>\n<p>&#8220;Ser\u00e1 uma unidade moderna, que vai gerar empregos, oportunidades, desenvolvimento social e econ\u00f4mico. Mato Grosso do Sul estabeleceu uma estrat\u00e9gia de desenvolvimento sustent\u00e1vel baseado na atra\u00e7\u00e3o de grandes investimentos e na gera\u00e7\u00e3o de emprego, e a vinda desta opera\u00e7\u00e3o refor\u00e7a a confian\u00e7a dos investidores no Estado&#8221;, afirmou o governador Eduardo Riedel.<\/p>\n<p>Para atender \u00e0 demanda gerada pela nova f\u00e1brica, o Governo do Estado est\u00e1 investindo em diversas obras de infraestrutura. A constru\u00e7\u00e3o de um acesso rodovi\u00e1rio \u00e0 f\u00e1brica, a instala\u00e7\u00e3o de uma terceira faixa em pontos estrat\u00e9gicos da MS-377 e a pavimenta\u00e7\u00e3o da MS-316 s\u00e3o apenas alguns exemplos. Al\u00e9m disso, est\u00e1 prevista a constru\u00e7\u00e3o de um aeroporto em Inoc\u00eancia, o que facilitar\u00e1 o acesso \u00e0 cidade e o transporte de cargas.<\/p>\n<div id=\"gallery-1\" class=\"gallery galleryid-499561 gallery-columns-2 gallery-size-large\">\n<figure class=\"gallery-item\">\n<div class=\"gallery-icon landscape\"><a href=\"https:\/\/agenciadenoticias.ms.gov.br\/quinta-fabrica-de-celulose-no-estado-gera-novo-ciclo-de-oportunidades-e-crescimento-em-inocencia\/arauco_inocencia-6\/\"><img decoding=\"async\" class=\"attachment-large size-large\" src=\"https:\/\/agenciadenoticias.ms.gov.br\/wp-content\/uploads\/2024\/12\/Arauco_Inocencia-6-1024x576.jpg\" sizes=\"auto, (max-width: 1024px) 100vw, 1024px\" srcset=\"https:\/\/agenciadenoticias.ms.gov.br\/wp-content\/uploads\/2024\/12\/Arauco_Inocencia-6-1024x576.jpg 1024w, https:\/\/agenciadenoticias.ms.gov.br\/wp-content\/uploads\/2024\/12\/Arauco_Inocencia-6-300x169.jpg 300w, https:\/\/agenciadenoticias.ms.gov.br\/wp-content\/uploads\/2024\/12\/Arauco_Inocencia-6-768x432.jpg 768w, https:\/\/agenciadenoticias.ms.gov.br\/wp-content\/uploads\/2024\/12\/Arauco_Inocencia-6-1536x864.jpg 1536w, https:\/\/agenciadenoticias.ms.gov.br\/wp-content\/uploads\/2024\/12\/Arauco_Inocencia-6-350x197.jpg 350w, https:\/\/agenciadenoticias.ms.gov.br\/wp-content\/uploads\/2024\/12\/Arauco_Inocencia-6.jpg 1600w\" alt=\"\" width=\"1024\" height=\"576\" \/><\/a><\/div>\n<\/figure>\n<figure class=\"gallery-item\">\n<div class=\"gallery-icon landscape\"><a href=\"https:\/\/agenciadenoticias.ms.gov.br\/quinta-fabrica-de-celulose-no-estado-gera-novo-ciclo-de-oportunidades-e-crescimento-em-inocencia\/arauco_inocencia-7\/\"><img loading=\"lazy\" decoding=\"async\" class=\"attachment-large size-large\" src=\"https:\/\/agenciadenoticias.ms.gov.br\/wp-content\/uploads\/2024\/12\/Arauco_Inocencia-7-1024x576.jpg\" sizes=\"auto, (max-width: 1024px) 100vw, 1024px\" srcset=\"https:\/\/agenciadenoticias.ms.gov.br\/wp-content\/uploads\/2024\/12\/Arauco_Inocencia-7-1024x576.jpg 1024w, https:\/\/agenciadenoticias.ms.gov.br\/wp-content\/uploads\/2024\/12\/Arauco_Inocencia-7-300x169.jpg 300w, https:\/\/agenciadenoticias.ms.gov.br\/wp-content\/uploads\/2024\/12\/Arauco_Inocencia-7-768x432.jpg 768w, https:\/\/agenciadenoticias.ms.gov.br\/wp-content\/uploads\/2024\/12\/Arauco_Inocencia-7-1536x864.jpg 1536w, https:\/\/agenciadenoticias.ms.gov.br\/wp-content\/uploads\/2024\/12\/Arauco_Inocencia-7-350x197.jpg 350w, https:\/\/agenciadenoticias.ms.gov.br\/wp-content\/uploads\/2024\/12\/Arauco_Inocencia-7.jpg 1600w\" alt=\"\" width=\"1024\" height=\"576\" \/><\/a><\/div>\n<\/figure>\n<\/div>\n<p>&#8220;A quinta ind\u00fastria de celulose do Mato Grosso do Sul est\u00e1 avan\u00e7ando em Inoc\u00eancia. A f\u00e1brica est\u00e1 na fase inicial de que \u00e9 a terraplanagem, ou seja, come\u00e7a a iniciar agora toda a negocia\u00e7\u00e3o da parte industrial. Somente nesta etapa s\u00e3o mais de 1.800 empregos. Temos que destacar que boa parte da movimenta\u00e7\u00e3o da cidade est\u00e1 exatamente na amplia\u00e7\u00e3o da base florestal. A Arauco j\u00e1 est\u00e1 consolidando toda sua base florestal que deve passar dos 300 mil hectares. Independente da quest\u00e3o da obra, existe toda uma movimenta\u00e7\u00e3o da amplia\u00e7\u00e3o da base florestal, j\u00e1 que a Arauco em fun\u00e7\u00e3o do tamanho do empreendimento precisa fazer plantio de eucalipto, manuten\u00e7\u00e3o de florestas e amplia\u00e7\u00e3o das \u00e1reas. Isso j\u00e1 \u00e9 percebido na regi\u00e3o&#8221;, destacou o secret\u00e1rio estadual de Desenvolvimento, Meio Ambiente, Ci\u00eancia, Tecnologia e Inova\u00e7\u00e3o, Jaime Verruck.<\/p>\n<figure id=\"attachment_421691\" class=\"wp-caption alignright\" aria-describedby=\"caption-attachment-421691\"><a href=\"https:\/\/agenciadenoticias.ms.gov.br\/wp-content\/uploads\/2023\/01\/Secret%C3%A1rio-Jaime-Verruck-Foto-%C3%81lvaro-Rezende.jpg\"><img loading=\"lazy\" decoding=\"async\" class=\"wp-image-421691 size-medium\" src=\"https:\/\/agenciadenoticias.ms.gov.br\/wp-content\/uploads\/2023\/01\/Secret%C3%A1rio-Jaime-Verruck-Foto-%C3%81lvaro-Rezende-300x166.jpg\" sizes=\"auto, (max-width: 300px) 100vw, 300px\" srcset=\"https:\/\/agenciadenoticias.ms.gov.br\/wp-content\/uploads\/2023\/01\/Secret%C3%A1rio-Jaime-Verruck-Foto-%C3%81lvaro-Rezende-300x166.jpg 300w, https:\/\/agenciadenoticias.ms.gov.br\/wp-content\/uploads\/2023\/01\/Secret%C3%A1rio-Jaime-Verruck-Foto-%C3%81lvaro-Rezende-768x425.jpg 768w, https:\/\/agenciadenoticias.ms.gov.br\/wp-content\/uploads\/2023\/01\/Secret%C3%A1rio-Jaime-Verruck-Foto-%C3%81lvaro-Rezende-1024x566.jpg 1024w, https:\/\/agenciadenoticias.ms.gov.br\/wp-content\/uploads\/2023\/01\/Secret%C3%A1rio-Jaime-Verruck-Foto-%C3%81lvaro-Rezende-350x194.jpg 350w, https:\/\/agenciadenoticias.ms.gov.br\/wp-content\/uploads\/2023\/01\/Secret%C3%A1rio-Jaime-Verruck-Foto-%C3%81lvaro-Rezende.jpg 1978w\" alt=\"\" width=\"300\" height=\"166\" \/><\/a><figcaption id=\"caption-attachment-421691\" class=\"wp-caption-text\"><em>Secret\u00e1rio Jaime Verruck (Foto: \u00c1lvaro Rezende)<\/em><\/figcaption><\/figure>\n<p>A cidade pacata de 8.400 habitantes, conhecida como a \u201cPrincesinha do Leste\u201d viu a popula\u00e7\u00e3o saltar para 13 mil moradores e dever\u00e1 chegar a uma popula\u00e7\u00e3o de 32 mil pessoas circulando. A expectativa \u00e9 que o Projeto Sucuri\u00fa gere em torno de 14 mil empregos no pico da obra, de forma escalonada. \u201cTrata-se de um projeto de grande magnitude. Com o in\u00edcio da opera\u00e7\u00e3o, teremos como reflexo o impulsionamento do desenvolvimento social e econ\u00f4mico da regi\u00e3o, com o aumento de gera\u00e7\u00e3o de emprego e renda, maior arrecada\u00e7\u00e3o de impostos e atra\u00e7\u00e3o de novos investimentos\u201d, refor\u00e7ou o presidente da Arauco, Carlos Altimiras.<\/p>\n<p>Para atender tamanha demanda de servi\u00e7os, habita\u00e7\u00e3o e infraestrutura, a Prefeitura de Inoc\u00eancia est\u00e1 elaborando um novo Plano Diretor, vai construir o n\u00facleo industrial e renovar o secretariado. Segundo o prefeito da cidade, Toninho da Cofapi, o munic\u00edpio que at\u00e9 ent\u00e3o tinha a economia baseada na pecu\u00e1ria de m\u00e9dias propriedades est\u00e1 vivendo dias de transforma\u00e7\u00e3o.&#8221;Inoc\u00eancia que \u00e9 conhecida como a Princesinha do Leste se prepara para virar a Rainha&#8221;, ressalta.<\/p>\n<p><strong>Emprego pleno e impacto na economia <\/strong><\/p>\n<p>O impacto nas atividades econ\u00f4micas do munic\u00edpio s\u00e3o a gera\u00e7\u00e3o de emprego local e crescimento dos pequenos neg\u00f3cios. Neste ano, segundo dados do Caged (Cadastro Geral de Empregados e Desempregados) foram mais de mil vagas abertas, resultado de 2.696 admiss\u00f5es e 1.670 desligamentos, diante de um saldo de apenas nove coloca\u00e7\u00f5es de 2023. Os servi\u00e7os puxam a demanda por pessoal, seguido pela constru\u00e7\u00e3o e ind\u00fastria.<\/p>\n<p>Na cidade a demanda por profissionais no setor de alimenta\u00e7\u00e3o e servi\u00e7os \u00e9 alto, mas quem domina os empregos \u00e9 a constru\u00e7\u00e3o civil. Em v\u00e1rios bairros \u00e9 comum a exist\u00eancia de obras e muitos trabalhadores do setor. Existe espa\u00e7o para empreendimentos que v\u00e3o de restaurantes at\u00e9 lavanderias. Mas tudo isso est\u00e1 sendo monitorado com o apoio do Sebrae-MS.<\/p>\n<figure id=\"attachment_137957\" class=\"wp-caption aligncenter\" aria-describedby=\"caption-attachment-137957\"><a href=\"https:\/\/www.semadesc.ms.gov.br\/wp-content\/uploads\/2024\/12\/inocencia-bairro.jpg\"><img loading=\"lazy\" decoding=\"async\" class=\"wp-image-137957 size-large\" src=\"https:\/\/www.semadesc.ms.gov.br\/wp-content\/uploads\/2024\/12\/inocencia-bairro-1024x682.jpg\" alt=\"\" width=\"1024\" height=\"682\" \/><\/a><figcaption id=\"caption-attachment-137957\" class=\"wp-caption-text\"><em>Cidade tem v\u00e1rias obras espalhadas com novo ciclo de crescimento<\/em><\/figcaption><\/figure>\n<p>Com a chegada da f\u00e1brica da Arauco, a demanda por m\u00e3o de obra qualificada aumentar\u00e1 significativamente. Para atender a essa demanda, o Governo do Estado, em parceria com o setor privado, est\u00e1 investindo em programas de qualifica\u00e7\u00e3o profissional. A implanta\u00e7\u00e3o do Centro Integrado Sesi Senai em Inoc\u00eancia \u00e9 um exemplo desse esfor\u00e7o, oferecendo cursos e programas de treinamento para a popula\u00e7\u00e3o local.<\/p>\n<p>Al\u00e9m disso, na qualifica\u00e7\u00e3o a Funtrab em parceria com a Prefeitura de Inoc\u00eancia est\u00e1 instalando um Sine no munic\u00edpio para auxiliar na capta\u00e7\u00e3o e encaminhamento de vagas.<\/p>\n<p>O diretor de Sustentabilidade e Rela\u00e7\u00f5es Institucionais da Arauco, The\u00f3filo Milit\u00e3o, destaca que um dos maiores desafios do projeto ainda \u00e9 conseguir m\u00e3o de obra. &#8220;Hoje MS vive a realidade do pleno emprego sem m\u00e3o de obra, e a que vem de fora nem sempre \u00e9 qualificada. Ent\u00e3o temos o sistema S para capacitar em Inoc\u00eancia. J\u00e1 temos uma unidade do Senai instalada e que fornece a capacita\u00e7\u00e3o para cada etapa do projeto&#8221;, explica o diretor.<\/p>\n<p>Atualmente, segundo ele, os cursos est\u00e3o ligados \u00e0 infraestrutura, como a terraplanagem, a constru\u00e7\u00e3o civil, operadores de m\u00e1quina e carpintaria. &#8220;Conforme as obras forem avan\u00e7ando, os cursos tamb\u00e9m ser\u00e3o direcionados para cada etapa. Ou seja, novas fun\u00e7\u00f5es ser\u00e3o treinadas, pois nossa estrat\u00e9gia visa capacitar at\u00e9 o in\u00edcio de opera\u00e7\u00e3o da planta&#8221;, acrescentou.<\/p>\n<div id=\"gallery-2\" class=\"gallery galleryid-499561 gallery-columns-2 gallery-size-large\">\n<figure class=\"gallery-item\">\n<div class=\"gallery-icon landscape\"><a href=\"https:\/\/agenciadenoticias.ms.gov.br\/arauco_inocencia-4\/\"><img loading=\"lazy\" decoding=\"async\" class=\"attachment-large size-large\" src=\"https:\/\/agenciadenoticias.ms.gov.br\/wp-content\/uploads\/2024\/12\/Arauco_Inocencia-4-1024x576.jpg\" sizes=\"auto, (max-width: 1024px) 100vw, 1024px\" srcset=\"https:\/\/agenciadenoticias.ms.gov.br\/wp-content\/uploads\/2024\/12\/Arauco_Inocencia-4-1024x576.jpg 1024w, https:\/\/agenciadenoticias.ms.gov.br\/wp-content\/uploads\/2024\/12\/Arauco_Inocencia-4-300x169.jpg 300w, https:\/\/agenciadenoticias.ms.gov.br\/wp-content\/uploads\/2024\/12\/Arauco_Inocencia-4-768x432.jpg 768w, https:\/\/agenciadenoticias.ms.gov.br\/wp-content\/uploads\/2024\/12\/Arauco_Inocencia-4-1536x864.jpg 1536w, https:\/\/agenciadenoticias.ms.gov.br\/wp-content\/uploads\/2024\/12\/Arauco_Inocencia-4-350x197.jpg 350w, https:\/\/agenciadenoticias.ms.gov.br\/wp-content\/uploads\/2024\/12\/Arauco_Inocencia-4.jpg 1600w\" alt=\"\" width=\"1024\" height=\"576\" \/><\/a><\/div>\n<\/figure>\n<figure class=\"gallery-item\">\n<div class=\"gallery-icon landscape\"><a href=\"https:\/\/agenciadenoticias.ms.gov.br\/arauco_inocencia-5\/\"><img loading=\"lazy\" decoding=\"async\" class=\"attachment-large size-large\" src=\"https:\/\/agenciadenoticias.ms.gov.br\/wp-content\/uploads\/2024\/12\/Arauco_Inocencia-5-1024x576.jpg\" sizes=\"auto, (max-width: 1024px) 100vw, 1024px\" srcset=\"https:\/\/agenciadenoticias.ms.gov.br\/wp-content\/uploads\/2024\/12\/Arauco_Inocencia-5-1024x576.jpg 1024w, https:\/\/agenciadenoticias.ms.gov.br\/wp-content\/uploads\/2024\/12\/Arauco_Inocencia-5-300x169.jpg 300w, https:\/\/agenciadenoticias.ms.gov.br\/wp-content\/uploads\/2024\/12\/Arauco_Inocencia-5-768x432.jpg 768w, https:\/\/agenciadenoticias.ms.gov.br\/wp-content\/uploads\/2024\/12\/Arauco_Inocencia-5-1536x864.jpg 1536w, https:\/\/agenciadenoticias.ms.gov.br\/wp-content\/uploads\/2024\/12\/Arauco_Inocencia-5-350x197.jpg 350w, https:\/\/agenciadenoticias.ms.gov.br\/wp-content\/uploads\/2024\/12\/Arauco_Inocencia-5.jpg 1600w\" alt=\"\" width=\"1024\" height=\"576\" \/><\/a><\/div>\n<\/figure>\n<\/div>\n<p><strong>Governan\u00e7a e crescimento ordenado<\/strong><\/p>\n<p>Para ordenar este crescimento o Governo do Estado, junto com a Arauco e a prefeitura, est\u00e1 sendo construindo um Plano Estrat\u00e9gico Socioambiental do Projeto Sucuri\u00fa. Elaborado com o objetivo de direcionar as a\u00e7\u00f5es colaborativas da iniciativa p\u00fablica e privada em Inoc\u00eancia, o estudo faz um diagn\u00f3stico atual do munic\u00edpio e apresenta as demandas geradas a partir da constru\u00e7\u00e3o da primeira f\u00e1brica de celulose branqueada da Arauco no Brasil.<\/p>\n<figure id=\"attachment_499597\" class=\"wp-caption alignleft\" aria-describedby=\"caption-attachment-499597\"><a href=\"https:\/\/agenciadenoticias.ms.gov.br\/wp-content\/uploads\/2024\/12\/prefieto-toninho-da-cofapi.jpg\"><img loading=\"lazy\" decoding=\"async\" class=\"wp-image-499597 size-medium\" src=\"https:\/\/agenciadenoticias.ms.gov.br\/wp-content\/uploads\/2024\/12\/prefieto-toninho-da-cofapi-300x200.jpg\" sizes=\"auto, (max-width: 300px) 100vw, 300px\" srcset=\"https:\/\/agenciadenoticias.ms.gov.br\/wp-content\/uploads\/2024\/12\/prefieto-toninho-da-cofapi-300x200.jpg 300w, https:\/\/agenciadenoticias.ms.gov.br\/wp-content\/uploads\/2024\/12\/prefieto-toninho-da-cofapi-1024x682.jpg 1024w, https:\/\/agenciadenoticias.ms.gov.br\/wp-content\/uploads\/2024\/12\/prefieto-toninho-da-cofapi-768x512.jpg 768w, https:\/\/agenciadenoticias.ms.gov.br\/wp-content\/uploads\/2024\/12\/prefieto-toninho-da-cofapi-350x232.jpg 350w, https:\/\/agenciadenoticias.ms.gov.br\/wp-content\/uploads\/2024\/12\/prefieto-toninho-da-cofapi.jpg 1280w\" alt=\"\" width=\"300\" height=\"200\" \/><\/a><figcaption id=\"caption-attachment-499597\" class=\"wp-caption-text\"><em>Prefeito de Inoc\u00eancia, Toninho da Cofapi<\/em><\/figcaption><\/figure>\n<p>No in\u00edcio de dezembro foi realizada a primeira reuni\u00e3o do Comit\u00ea Gestor que desempenha um papel estrat\u00e9gico no acompanhamento das atividades relacionadas ao Projeto Sucuri\u00fa, assegurando que as a\u00e7\u00f5es estejam alinhadas \u00e0s diretrizes ambientais e sociais do munic\u00edpio. O prefeito salienta que essa primeira reuni\u00e3o marcou o in\u00edcio de um trabalho conjunto que visa beneficiar a comunidade e contribuir para o desenvolvimento sustent\u00e1vel da regi\u00e3o. &#8220;A Prefeitura de Inoc\u00eancia refor\u00e7a seu compromisso com iniciativas que promovem a sustentabilidade e o equil\u00edbrio entre o desenvolvimento econ\u00f4mico, social e ambiental, sempre pensando no bem-estar da popula\u00e7\u00e3o e em parceria com o Governo do Estado&#8221;, frisou.<\/p>\n<p>&#8220;\u00c9 importante destacar o n\u00edvel de governan\u00e7a que est\u00e1 sendo estabelecido em cima dessa situa\u00e7\u00e3o. A parceria do Governo do Estado, Arauco com o munic\u00edpio e com os atores locais visa exatamente beneficiar os pequenos empreendedores locais&#8221;, afirmou Verruck.<\/p>\n<p>Ele lembra que o Governo acompanha o processo sob o ponto de vista de fluxo. &#8220;A Arauco obviamente sendo a nossa quinta ind\u00fastria vai consolidar globalmente o Mato Grosso do Sul como refer\u00eancia na quest\u00e3o da produ\u00e7\u00e3o de celulose. Ent\u00e3o \u00e9 um caminho que est\u00e1 sendo adotado. Recentemente n\u00f3s aprovamos tamb\u00e9m a licen\u00e7a pr\u00e9via no conselho estadual do linh\u00e3o de energia, pois a Arauco vai precisar de uma \u00e1rea de acesso at\u00e9 a Ilha Solteira. Ent\u00e3o vai ser constru\u00eddo 90% um linh\u00e3o para capta\u00e7\u00e3o de energia e muito mais. A ind\u00fastria vai gerar 400 MW de energia, utilizando 200 MW e fornecendo a energia gerada a partir daqui a dois anos, que ser\u00e1 gerada para o sistema nacional. Isso ser\u00e1 mais uma gera\u00e7\u00e3o de energia limpa no estado de Mato Grosso do Sul&#8221;.<\/p>\n<p>O secret\u00e1rio refor\u00e7a que a atua\u00e7\u00e3o conjunta demonstra a governan\u00e7a e a transversalidade do Governo em reunir as secretarias de Habita\u00e7\u00e3o, Sa\u00fade, Seguran\u00e7a e afins para criar uma governan\u00e7a junto \u00e0 administra\u00e7\u00e3o local e a empresa sobre o Projeto. \u201cQueremos o desenvolvimento ordenado de Inoc\u00eancia, e acreditamos no imenso potencial da regi\u00e3o. Somos parceiros deste grande projeto\u201d, concluiu.<\/p>\n","protected":false},"excerpt":{"rendered":"<p>Quem viaja pela MS-377 do trecho que liga \u00c1gua Clara a Inoc\u00eancia, consegue perceber nitidamente porque o MS j\u00e1 \u00e9 considerado o &#8220;Vale da Celulose&#8221;. Os pastos antigos de uma pecu\u00e1ria extensiva, deram lugar a milhares de hectares de florestas de eucalipto, que v\u00e3o alimentar uma gigante de celulose que come\u00e7a a despertar a 50 [&hellip;]<\/p>\n","protected":false},"author":2,"featured_media":31519,"comment_status":"open","ping_status":"open","sticky":false,"template":"","format":"standard","meta":{"om_disable_all_campaigns":false,"_monsterinsights_skip_tracking":false,"_monsterinsights_sitenote_active":false,"_monsterinsights_sitenote_note":"","_monsterinsights_sitenote_category":0,"footnotes":""},"categories":[31,267,266],"tags":[],"aioseo_notices":[],"_links":{"self":[{"href":"https:\/\/expressaoms.com.br\/index.php\/wp-json\/wp\/v2\/posts\/31518"}],"collection":[{"href":"https:\/\/expressaoms.com.br\/index.php\/wp-json\/wp\/v2\/posts"}],"about":[{"href":"https:\/\/expressaoms.com.br\/index.php\/wp-json\/wp\/v2\/types\/post"}],"author":[{"embeddable":true,"href":"https:\/\/expressaoms.com.br\/index.php\/wp-json\/wp\/v2\/users\/2"}],"replies":[{"embeddable":true,"href":"https:\/\/expressaoms.com.br\/index.php\/wp-json\/wp\/v2\/comments?post=31518"}],"version-history":[{"count":1,"href":"https:\/\/expressaoms.com.br\/index.php\/wp-json\/wp\/v2\/posts\/31518\/revisions"}],"predecessor-version":[{"id":31520,"href":"https:\/\/expressaoms.com.br\/index.php\/wp-json\/wp\/v2\/posts\/31518\/revisions\/31520"}],"wp:featuredmedia":[{"embeddable":true,"href":"https:\/\/expressaoms.com.br\/index.php\/wp-json\/wp\/v2\/media\/31519"}],"wp:attachment":[{"href":"https:\/\/expressaoms.com.br\/index.php\/wp-json\/wp\/v2\/media?parent=31518"}],"wp:term":[{"taxonomy":"category","embeddable":true,"href":"https:\/\/expressaoms.com.br\/index.php\/wp-json\/wp\/v2\/categories?post=31518"},{"taxonomy":"post_tag","embeddable":true,"href":"https:\/\/expressaoms.com.br\/index.php\/wp-json\/wp\/v2\/tags?post=31518"}],"curies":[{"name":"wp","href":"https:\/\/api.w.org\/{rel}","templated":true}]}}