{"id":31540,"date":"2024-12-23T10:30:01","date_gmt":"2024-12-23T14:30:01","guid":{"rendered":"https:\/\/expressaoms.com.br\/?p=31540"},"modified":"2024-12-23T10:30:01","modified_gmt":"2024-12-23T14:30:01","slug":"empresaria-de-tres-lagoas-morre-em-tragico-acidente-no-parana","status":"publish","type":"post","link":"https:\/\/expressaoms.com.br\/index.php\/2024\/12\/23\/empresaria-de-tres-lagoas-morre-em-tragico-acidente-no-parana\/","title":{"rendered":"Empres\u00e1ria de Tr\u00eas Lagoas morre em tr\u00e1gico acidente no Paran\u00e1"},"content":{"rendered":"<div class=\"single-content mb-4\">\n<p>A empres\u00e1ria \u00c9rica Renata Soler, de 42 anos, propriet\u00e1ria da \u00d3tica e Relojoaria Rever, perdeu a vida em um grave acidente na noite do \u00faltimo domingo (22), na rodovia PR-463, entre Uniflor e Cruzeiro do Sul, no Paran\u00e1. Ela conduzia uma caminhonete Hilux e estava acompanhada do filho, de 17 anos, que sofreu ferimentos e foi levado \u00e0 Santa Casa de Maring\u00e1.<\/p>\n<p>Segundo a Pol\u00edcia Militar Rodovi\u00e1ria Estadual, o acidente ocorreu ap\u00f3s a caminhonete atingir uma canaleta \u00e0 margem direita da rodovia. O ve\u00edculo saiu da pista e capotou. \u00c9rica foi ejetada do carro devido ao impacto e faleceu no local. Seu corpo foi encaminhado ao Instituto M\u00e9dico Legal (IML) de Paranava\u00ed. N\u00e3o havia chuva no momento do acidente, e o filho relatou \u00e0s autoridades que eles estavam em viagem de passeio.<\/p>\n<p>\u00c9rica Soler era uma figura de destaque no setor varejista de Tr\u00eas Lagoas, com 17 anos de dedica\u00e7\u00e3o \u00e0 \u00d3tica e Relojoaria Rever. Vi\u00fava, deixa dois filhos e uma trajet\u00f3ria marcada por perseveran\u00e7a e sucesso.<\/p>\n<\/div>\n","protected":false},"excerpt":{"rendered":"<p>A empres\u00e1ria \u00c9rica Renata Soler, de 42 anos, propriet\u00e1ria da \u00d3tica e Relojoaria Rever, perdeu a vida em um grave acidente na noite do \u00faltimo domingo (22), na rodovia PR-463, entre Uniflor e Cruzeiro do Sul, no Paran\u00e1. Ela conduzia uma caminhonete Hilux e estava acompanhada do filho, de 17 anos, que sofreu ferimentos e [&hellip;]<\/p>\n","protected":false},"author":2,"featured_media":31541,"comment_status":"open","ping_status":"open","sticky":false,"template":"","format":"standard","meta":{"om_disable_all_campaigns":false,"_monsterinsights_skip_tracking":false,"_monsterinsights_sitenote_active":false,"_monsterinsights_sitenote_note":"","_monsterinsights_sitenote_category":0,"footnotes":""},"categories":[41,48],"tags":[],"aioseo_notices":[],"_links":{"self":[{"href":"https:\/\/expressaoms.com.br\/index.php\/wp-json\/wp\/v2\/posts\/31540"}],"collection":[{"href":"https:\/\/expressaoms.com.br\/index.php\/wp-json\/wp\/v2\/posts"}],"about":[{"href":"https:\/\/expressaoms.com.br\/index.php\/wp-json\/wp\/v2\/types\/post"}],"author":[{"embeddable":true,"href":"https:\/\/expressaoms.com.br\/index.php\/wp-json\/wp\/v2\/users\/2"}],"replies":[{"embeddable":true,"href":"https:\/\/expressaoms.com.br\/index.php\/wp-json\/wp\/v2\/comments?post=31540"}],"version-history":[{"count":1,"href":"https:\/\/expressaoms.com.br\/index.php\/wp-json\/wp\/v2\/posts\/31540\/revisions"}],"predecessor-version":[{"id":31542,"href":"https:\/\/expressaoms.com.br\/index.php\/wp-json\/wp\/v2\/posts\/31540\/revisions\/31542"}],"wp:featuredmedia":[{"embeddable":true,"href":"https:\/\/expressaoms.com.br\/index.php\/wp-json\/wp\/v2\/media\/31541"}],"wp:attachment":[{"href":"https:\/\/expressaoms.com.br\/index.php\/wp-json\/wp\/v2\/media?parent=31540"}],"wp:term":[{"taxonomy":"category","embeddable":true,"href":"https:\/\/expressaoms.com.br\/index.php\/wp-json\/wp\/v2\/categories?post=31540"},{"taxonomy":"post_tag","embeddable":true,"href":"https:\/\/expressaoms.com.br\/index.php\/wp-json\/wp\/v2\/tags?post=31540"}],"curies":[{"name":"wp","href":"https:\/\/api.w.org\/{rel}","templated":true}]}}