{"id":31546,"date":"2024-12-24T09:15:53","date_gmt":"2024-12-24T13:15:53","guid":{"rendered":"https:\/\/expressaoms.com.br\/?p=31546"},"modified":"2024-12-24T09:15:53","modified_gmt":"2024-12-24T13:15:53","slug":"embate-entre-camila-e-pm-e-mais-um-capitulo-na-conversao-do-centro-em-point-boemio-da-capital","status":"publish","type":"post","link":"https:\/\/expressaoms.com.br\/index.php\/2024\/12\/24\/embate-entre-camila-e-pm-e-mais-um-capitulo-na-conversao-do-centro-em-point-boemio-da-capital\/","title":{"rendered":"Embate entre Camila e PM \u00e9 mais um cap\u00edtulo na convers\u00e3o do centro em point bo\u00eamio da Capital"},"content":{"rendered":"<p>O fim de semana ficou marcado pelo embate entre a deputada federal Camila Jara (PT) e policiais militares no Centro de Campo Grande. A ex-candidata a prefeita disse que teve uma arma apontada contra si durante uma abordagem em bares da regi\u00e3o na madrugada de domingo (22). A situa\u00e7\u00e3o s\u00f3 mudou quando ela se identificou como parlamentar.<\/p>\n<p>Em nota, a Pol\u00edcia Militar nega utiliza\u00e7\u00e3o de armamento no caso e informou que busca \u201ccoibir a contraven\u00e7\u00e3o de perturba\u00e7\u00e3o do sossego e trabalho alheio e o crime de polui\u00e7\u00e3o sonora, mantendo a ordem e a tranquilidade dos moradores das regi\u00f5es pr\u00f3ximas a bares e restaurantes\u201d. A PM afirma que aumentou o n\u00famero de den\u00fancias, via 190, de perturba\u00e7\u00e3o do sossego e polui\u00e7\u00e3o sonora, \u201cbem como constatou aumento no n\u00famero de crimes contra o patrim\u00f4nio em regi\u00f5es pr\u00f3ximas a esse tipo de estabelecimento\u201d.<\/p>\n<p>Nesta segunda-feira (23), a Associa\u00e7\u00e3o dos Pra\u00e7as da Pol\u00edcia Militar e Bombeiro Militar de Mato Grosso do Sul (ASPRA-MS) divulgou uma nota de rep\u00fadio afirmando que Camila \u201cmais uma vez, demonstrou desrespeito e oposi\u00e7\u00e3o \u00e0 atua\u00e7\u00e3o leg\u00edtima e constitucional da Pol\u00edcia Militar\u201d.<\/p>\n<p>A Associa\u00e7\u00e3o relata que a deputada \u201cinterferiu e instigou pessoas a se oporem ao trabalho de fiscaliza\u00e7\u00e3o realizado pela Pol\u00edcia Militar, que averiguava den\u00fancias de perturba\u00e7\u00e3o do sossego p\u00fablico e uso de entorpecentes\u201d.<\/p>\n<blockquote><p>\u201cReiteramos que a Pol\u00edcia Militar atua em conformidade com a lei, visando garantir a ordem, a seguran\u00e7a e a tranquilidade da popula\u00e7\u00e3o. Atitudes como as da Deputada enfraquecem o trabalho da corpora\u00e7\u00e3o e promovem um discurso irrespons\u00e1vel, que vai na contram\u00e3o do respeito \u00e0s institui\u00e7\u00f5es e \u00e0 cidadania\u201d, defende a ASPRA-MS.<\/p><\/blockquote>\n<p>Camila Jara rebateu a nota da associa\u00e7\u00e3o e disse que sua preocupa\u00e7\u00e3o \u00e9 com a defesa dos direitos dos empreendedores donos dos bares e do lazer da popula\u00e7\u00e3o.<\/p>\n<p>\u201cO epis\u00f3dio do fim de semana \u00e9 apenas um epis\u00f3dio e est\u00e3o tentando fazer parecer que seja um confronto individual entre a parlamentar Camila e a PM. Isso n\u00e3o existe. O que a gente est\u00e1 brigando \u00e9 pelo direito de as pessoas empreenderem, gerarem renda, pelo direito do lazer da popula\u00e7\u00e3o\u201d, argumentou a deputada.<\/p>\n<p>A parlamentar afirma que os bares fiscalizados possu\u00edam alvar\u00e1s v\u00e1lidos e estavam encerrando as atividades quando houve a abordagem policial. Para Camila, o tratamento da pol\u00edcia \u00e9 diferente nas fiscaliza\u00e7\u00f5es em \u00e1reas nobres.<\/p>\n<blockquote><p>\u201cTemos dados que mostram que esses procedimentos ocorrem apenas em determinadas \u00e1reas. Se a PM pudesse nos fornecer informa\u00e7\u00f5es sobre as fiscaliza\u00e7\u00f5es em bares da elite da cidade, o Bolicho e Bada Bar, enfim, seria interessante\u201d, provocou.<\/p><\/blockquote>\n<p>A deputada federal informou que se reuniu com o governador Eduardo Riedel (PSDB), o comando da PM, donos de bares e empres\u00e1rios para tratar das atividades do com\u00e9rcio e a manuten\u00e7\u00e3o da ordem p\u00fablica, mas disse que o di\u00e1logo \u201cn\u00e3o tem funcionado\u201d e h\u00e1 pedidos para interferir para evitar abusos.<\/p>\n<p>Interdi\u00e7\u00e3o aos finais de semana levou a popula\u00e7\u00e3o a frequentar ativamente o Centro. (Foto: Divulga\u00e7\u00e3o)<br \/>\nO Centro de Campo Grande ganhou destaque na vida bo\u00eamia da Capital principalmente ap\u00f3s a interdi\u00e7\u00e3o da rua 14 de julho, uma das vias mais tradicionais e antigas da cidade, que foi revitalizada na gest\u00e3o Marquinhos Trad (PSD), aos finais de semana. Por\u00e9m, a iniciativa foi um teste e posteriormente revogada a pedido dos pr\u00f3prios donos de bares.<\/p>\n<p>O reflexo da interdi\u00e7\u00e3o se mostrou efetivo pela quantidade de pessoas que enchia os dois quadril\u00e1teros dispon\u00edveis para a popula\u00e7\u00e3o. Durante as noites de sexta e s\u00e1bado, a \u201cveia arterial\u201d da Capital era tomada de rodas de samba, pagode, DJ\u2019s e artistas regionais que ofereciam m\u00fasica e curti\u00e7\u00e3o.<\/p>\n<p>Na 14 de Julho, os bares come\u00e7aram a se instalar ativamente no fim de 2023. No Carnaval deste ano, outros empreendimentos apostaram na rua como possibilidade de neg\u00f3cio. Apesar do fim da interdi\u00e7\u00e3o aos fins de semana, a regi\u00e3o continuou recebendo o p\u00fablico e agora o desafio \u00e9 manter o momento de descontra\u00e7\u00e3o em harmonia com a paz dos moradores.<\/p>\n<pre>Com O Jacar\u00e9<\/pre>\n","protected":false},"excerpt":{"rendered":"<p>O fim de semana ficou marcado pelo embate entre a deputada federal Camila Jara (PT) e policiais militares no Centro de Campo Grande. A ex-candidata a prefeita disse que teve uma arma apontada contra si durante uma abordagem em bares da regi\u00e3o na madrugada de domingo (22). A situa\u00e7\u00e3o s\u00f3 mudou quando ela se identificou [&hellip;]<\/p>\n","protected":false},"author":3,"featured_media":31547,"comment_status":"open","ping_status":"open","sticky":false,"template":"","format":"standard","meta":{"om_disable_all_campaigns":false,"_monsterinsights_skip_tracking":false,"_monsterinsights_sitenote_active":false,"_monsterinsights_sitenote_note":"","_monsterinsights_sitenote_category":0,"footnotes":""},"categories":[27,41],"tags":[],"aioseo_notices":[],"_links":{"self":[{"href":"https:\/\/expressaoms.com.br\/index.php\/wp-json\/wp\/v2\/posts\/31546"}],"collection":[{"href":"https:\/\/expressaoms.com.br\/index.php\/wp-json\/wp\/v2\/posts"}],"about":[{"href":"https:\/\/expressaoms.com.br\/index.php\/wp-json\/wp\/v2\/types\/post"}],"author":[{"embeddable":true,"href":"https:\/\/expressaoms.com.br\/index.php\/wp-json\/wp\/v2\/users\/3"}],"replies":[{"embeddable":true,"href":"https:\/\/expressaoms.com.br\/index.php\/wp-json\/wp\/v2\/comments?post=31546"}],"version-history":[{"count":1,"href":"https:\/\/expressaoms.com.br\/index.php\/wp-json\/wp\/v2\/posts\/31546\/revisions"}],"predecessor-version":[{"id":31548,"href":"https:\/\/expressaoms.com.br\/index.php\/wp-json\/wp\/v2\/posts\/31546\/revisions\/31548"}],"wp:featuredmedia":[{"embeddable":true,"href":"https:\/\/expressaoms.com.br\/index.php\/wp-json\/wp\/v2\/media\/31547"}],"wp:attachment":[{"href":"https:\/\/expressaoms.com.br\/index.php\/wp-json\/wp\/v2\/media?parent=31546"}],"wp:term":[{"taxonomy":"category","embeddable":true,"href":"https:\/\/expressaoms.com.br\/index.php\/wp-json\/wp\/v2\/categories?post=31546"},{"taxonomy":"post_tag","embeddable":true,"href":"https:\/\/expressaoms.com.br\/index.php\/wp-json\/wp\/v2\/tags?post=31546"}],"curies":[{"name":"wp","href":"https:\/\/api.w.org\/{rel}","templated":true}]}}