{"id":31560,"date":"2024-12-26T08:18:06","date_gmt":"2024-12-26T12:18:06","guid":{"rendered":"https:\/\/expressaoms.com.br\/?p=31560"},"modified":"2024-12-26T08:18:06","modified_gmt":"2024-12-26T12:18:06","slug":"homem-e-detido-por-porte-ilegal-de-arma-de-fogo-no-centro-de-tres-lagoas","status":"publish","type":"post","link":"https:\/\/expressaoms.com.br\/index.php\/2024\/12\/26\/homem-e-detido-por-porte-ilegal-de-arma-de-fogo-no-centro-de-tres-lagoas\/","title":{"rendered":"Homem \u00e9 detido por porte ilegal de arma de fogo no Centro de Tr\u00eas Lagoas"},"content":{"rendered":"<p>Na manh\u00e3 desta ter\u00e7a-feira (24), um homem foi detido por porte ilegal de arma de fogo de uso restrito em uma lanchonete na avenida Ant\u00f4nio Trajano, no Centro de Tr\u00eas Lagoas. A a\u00e7\u00e3o ocorreu por volta das 10h, durante a Opera\u00e7\u00e3o Boas Festas, conduzida pelo 2\u00ba Batalh\u00e3o de Pol\u00edcia Militar.<\/p>\n<p>Os policiais abordaram o indiv\u00edduo ap\u00f3s notarem um volume suspeito em sua cintura. Ele estava acompanhado do filho, de 6 anos. Durante a revista, foi encontrada uma pistola Taurus G2C, calibre 9mm, carregada com 10 muni\u00e7\u00f5es.<\/p>\n<p>O homem alegou ser praticante de atividades de Colecionador, Atirador e Ca\u00e7ador (CAC), mas n\u00e3o apresentou documenta\u00e7\u00e3o que autorizasse o porte da arma. Uma consulta ao sistema SINARM confirmou que a pistola n\u00e3o estava registrada em seu nome.<\/p>\n<p>A crian\u00e7a foi entregue \u00e0 m\u00e3e ap\u00f3s a abordagem, enquanto o homem foi encaminhado \u00e0 delegacia de pol\u00edcia civil sem o uso de algemas, devido \u00e0 sua colabora\u00e7\u00e3o com os agentes. Ele n\u00e3o apresentava les\u00f5es aparentes no momento da deten\u00e7\u00e3o.<\/p>\n","protected":false},"excerpt":{"rendered":"<p>Na manh\u00e3 desta ter\u00e7a-feira (24), um homem foi detido por porte ilegal de arma de fogo de uso restrito em uma lanchonete na avenida Ant\u00f4nio Trajano, no Centro de Tr\u00eas Lagoas. A a\u00e7\u00e3o ocorreu por volta das 10h, durante a Opera\u00e7\u00e3o Boas Festas, conduzida pelo 2\u00ba Batalh\u00e3o de Pol\u00edcia Militar. Os policiais abordaram o indiv\u00edduo [&hellip;]<\/p>\n","protected":false},"author":2,"featured_media":31561,"comment_status":"open","ping_status":"open","sticky":false,"template":"","format":"standard","meta":{"om_disable_all_campaigns":false,"_monsterinsights_skip_tracking":false,"_monsterinsights_sitenote_active":false,"_monsterinsights_sitenote_note":"","_monsterinsights_sitenote_category":0,"footnotes":""},"categories":[41,48],"tags":[],"aioseo_notices":[],"_links":{"self":[{"href":"https:\/\/expressaoms.com.br\/index.php\/wp-json\/wp\/v2\/posts\/31560"}],"collection":[{"href":"https:\/\/expressaoms.com.br\/index.php\/wp-json\/wp\/v2\/posts"}],"about":[{"href":"https:\/\/expressaoms.com.br\/index.php\/wp-json\/wp\/v2\/types\/post"}],"author":[{"embeddable":true,"href":"https:\/\/expressaoms.com.br\/index.php\/wp-json\/wp\/v2\/users\/2"}],"replies":[{"embeddable":true,"href":"https:\/\/expressaoms.com.br\/index.php\/wp-json\/wp\/v2\/comments?post=31560"}],"version-history":[{"count":1,"href":"https:\/\/expressaoms.com.br\/index.php\/wp-json\/wp\/v2\/posts\/31560\/revisions"}],"predecessor-version":[{"id":31562,"href":"https:\/\/expressaoms.com.br\/index.php\/wp-json\/wp\/v2\/posts\/31560\/revisions\/31562"}],"wp:featuredmedia":[{"embeddable":true,"href":"https:\/\/expressaoms.com.br\/index.php\/wp-json\/wp\/v2\/media\/31561"}],"wp:attachment":[{"href":"https:\/\/expressaoms.com.br\/index.php\/wp-json\/wp\/v2\/media?parent=31560"}],"wp:term":[{"taxonomy":"category","embeddable":true,"href":"https:\/\/expressaoms.com.br\/index.php\/wp-json\/wp\/v2\/categories?post=31560"},{"taxonomy":"post_tag","embeddable":true,"href":"https:\/\/expressaoms.com.br\/index.php\/wp-json\/wp\/v2\/tags?post=31560"}],"curies":[{"name":"wp","href":"https:\/\/api.w.org\/{rel}","templated":true}]}}