{"id":31710,"date":"2025-01-06T12:56:42","date_gmt":"2025-01-06T16:56:42","guid":{"rendered":"https:\/\/expressaoms.com.br\/?p=31710"},"modified":"2025-01-06T18:57:19","modified_gmt":"2025-01-06T22:57:19","slug":"em-18-meses-policia-penal-de-ms-realiza-mais-de-21-mil-escoltas-e-garante-seguranca-em-40-unidades-prisionais","status":"publish","type":"post","link":"https:\/\/expressaoms.com.br\/index.php\/2025\/01\/06\/em-18-meses-policia-penal-de-ms-realiza-mais-de-21-mil-escoltas-e-garante-seguranca-em-40-unidades-prisionais\/","title":{"rendered":"Em 18 meses, Pol\u00edcia Penal de MS realiza mais de 21 mil escoltas e garante seguran\u00e7a em 40 unidades prisionais"},"content":{"rendered":"<p>Em um cen\u00e1rio de constante desafio, a Agepen (Ag\u00eancia Estadual de Administra\u00e7\u00e3o do Sistema Penitenci\u00e1rio), por meio da Pol\u00edcia Penal de Mato Grosso do Sul, se destaca pela sua atua\u00e7\u00e3o incans\u00e1vel na garantia da seguran\u00e7a p\u00fablica. Nos \u00faltimos 18 meses, a institui\u00e7\u00e3o apresentou n\u00fameros expressivos, que demonstram o seu compromisso com a sociedade.<\/p>\n<figure id=\"attachment_500379\" class=\"wp-caption alignright\" aria-describedby=\"caption-attachment-500379\"><a href=\"https:\/\/agenciadenoticias.ms.gov.br\/wp-content\/uploads\/2025\/01\/ESCOLTA-DE-PRESO-scaled-1-scaled.jpg\"><img fetchpriority=\"high\" decoding=\"async\" class=\"wp-image-500379 size-medium\" src=\"https:\/\/agenciadenoticias.ms.gov.br\/wp-content\/uploads\/2025\/01\/ESCOLTA-DE-PRESO-scaled-1-225x300.jpg\" sizes=\"(max-width: 225px) 100vw, 225px\" srcset=\"https:\/\/agenciadenoticias.ms.gov.br\/wp-content\/uploads\/2025\/01\/ESCOLTA-DE-PRESO-scaled-1-225x300.jpg 225w, https:\/\/agenciadenoticias.ms.gov.br\/wp-content\/uploads\/2025\/01\/ESCOLTA-DE-PRESO-scaled-1-768x1024.jpg 768w, https:\/\/agenciadenoticias.ms.gov.br\/wp-content\/uploads\/2025\/01\/ESCOLTA-DE-PRESO-scaled-1-1152x1536.jpg 1152w, https:\/\/agenciadenoticias.ms.gov.br\/wp-content\/uploads\/2025\/01\/ESCOLTA-DE-PRESO-scaled-1-1536x2048.jpg 1536w, https:\/\/agenciadenoticias.ms.gov.br\/wp-content\/uploads\/2025\/01\/ESCOLTA-DE-PRESO-scaled-1-180x240.jpg 180w, https:\/\/agenciadenoticias.ms.gov.br\/wp-content\/uploads\/2025\/01\/ESCOLTA-DE-PRESO-scaled-1-scaled.jpg 1440w\" alt=\"\" width=\"225\" height=\"300\" \/><\/a><figcaption id=\"caption-attachment-500379\" class=\"wp-caption-text\">Em 18 meses, mais de 21 mil escoltas de presos foram realizadas.<\/figcaption><\/figure>\n<p>Com mais de 21 mil escoltas realizadas, 8.875 transfer\u00eancias e progress\u00f5es, e 2.800 cust\u00f3dias hospitalares, os policiais penais atuam como verdadeiros guardi\u00f5es da ordem nas 40 unidades prisionais do estado.<\/p>\n<p>A cada dia, homens e mulheres enfrentam desafios complexos para garantir a seguran\u00e7a dentro e fora dos pres\u00eddios. As escoltas, que envolvem o transporte de presos para audi\u00eancias judiciais, consultas m\u00e9dicas e outros procedimentos, s\u00e3o uma das principais atividades desenvolvidas pelos profissionais. Al\u00e9m disso, as transfer\u00eancias e progress\u00f5es penais exigem um planejamento rigoroso e uma equipe altamente qualificada.<\/p>\n<p>As cust\u00f3dias hospitalares tamb\u00e9m representam um desafio significativo, pois exigem que os policiais penais acompanhem os presos durante o tratamento m\u00e9dico, garantindo a seguran\u00e7a tanto do paciente quanto dos profissionais de sa\u00fade e popula\u00e7\u00e3o em geral.<\/p>\n<p>Outro aspecto importante da atua\u00e7\u00e3o da Pol\u00edcia Penal \u00e9 o monitoramento eletr\u00f4nico. Nos \u00faltimos 18 meses, foram realizadas 1.387 inspe\u00e7\u00f5es\u00a0<em>in loco<\/em>\u00a0em monitorados por tornozeleiras, o que demonstra o compromisso da institui\u00e7\u00e3o em garantir o cumprimento das medidas alternativas \u00e0 pris\u00e3o. Al\u00e9m disso, 157 mandados de pris\u00e3o foram cumpridos e mais de 2,8 mil deslocamentos foram realizados, prestando relevantes servi\u00e7os \u00e0 justi\u00e7a de Mato Grosso do Sul.<\/p>\n<p><strong>Desafio da cust\u00f3dia<\/strong><\/p>\n<p>Com pouco mais de 18 mil custodiados em pres\u00eddios e 3,7 mil monitorados eletronicamente, a Pol\u00edcia Penal de Mato Grosso do Sul enfrenta o desafio de garantir a seguran\u00e7a em um sistema prisional cada vez mais complexo.<\/p>\n<figure id=\"attachment_500380\" class=\"wp-caption alignleft\" aria-describedby=\"caption-attachment-500380\"><a href=\"https:\/\/agenciadenoticias.ms.gov.br\/wp-content\/uploads\/2025\/01\/GAFIP-e1735937225685.jpg\"><img decoding=\"async\" class=\"wp-image-500380 size-medium\" src=\"https:\/\/agenciadenoticias.ms.gov.br\/wp-content\/uploads\/2025\/01\/GAFIP-e1735937225685-291x300.jpg\" sizes=\"(max-width: 291px) 100vw, 291px\" srcset=\"https:\/\/agenciadenoticias.ms.gov.br\/wp-content\/uploads\/2025\/01\/GAFIP-e1735937225685-291x300.jpg 291w, https:\/\/agenciadenoticias.ms.gov.br\/wp-content\/uploads\/2025\/01\/GAFIP-e1735937225685-768x792.jpg 768w, https:\/\/agenciadenoticias.ms.gov.br\/wp-content\/uploads\/2025\/01\/GAFIP-e1735937225685-233x240.jpg 233w, https:\/\/agenciadenoticias.ms.gov.br\/wp-content\/uploads\/2025\/01\/GAFIP-e1735937225685.jpg 780w\" alt=\"\" width=\"291\" height=\"300\" \/><\/a><figcaption id=\"caption-attachment-500380\" class=\"wp-caption-text\">Foram conclu\u00eddas 1.387 inspe\u00e7\u00f5es\u00a0<em>in loco<\/em>\u00a0em monitorados por tornozeleiras.<\/figcaption><\/figure>\n<p>Para o diretor-presidente da Agepen em substitui\u00e7\u00e3o legal, policial penal Fl\u00e1vio Rodrigues Marques, os n\u00fameros apresentados demonstram a import\u00e2ncia do trabalho da Pol\u00edcia Penal para a seguran\u00e7a p\u00fablica de Mato Grosso do Sul.<\/p>\n<p>\u201cNossos policiais penais s\u00e3o profissionais dedicados e qualificados continuamente pela Escola Penitenci\u00e1ria, que atuam em condi\u00e7\u00f5es adversas para garantir a ordem e a justi\u00e7a. \u00c9 fundamental fortalecer a parceria entre a Agepen, sociedade civil e os demais \u00f3rg\u00e3os do sistema de justi\u00e7a para a constru\u00e7\u00e3o de uma sociedade cada vez mais segura\u201d, destacou Fl\u00e1vio, que atua como diretor de Opera\u00e7\u00f5es da ag\u00eancia penitenci\u00e1ria.<\/p>\n","protected":false},"excerpt":{"rendered":"<p>Em um cen\u00e1rio de constante desafio, a Agepen (Ag\u00eancia Estadual de Administra\u00e7\u00e3o do Sistema Penitenci\u00e1rio), por meio da Pol\u00edcia Penal de Mato Grosso do Sul, se destaca pela sua atua\u00e7\u00e3o incans\u00e1vel na garantia da seguran\u00e7a p\u00fablica. Nos \u00faltimos 18 meses, a institui\u00e7\u00e3o apresentou n\u00fameros expressivos, que demonstram o seu compromisso com a sociedade. Em 18 [&hellip;]<\/p>\n","protected":false},"author":2,"featured_media":31711,"comment_status":"open","ping_status":"open","sticky":false,"template":"","format":"standard","meta":{"om_disable_all_campaigns":false,"_monsterinsights_skip_tracking":false,"_monsterinsights_sitenote_active":false,"_monsterinsights_sitenote_note":"","_monsterinsights_sitenote_category":0,"footnotes":""},"categories":[266,41],"tags":[],"aioseo_notices":[],"_links":{"self":[{"href":"https:\/\/expressaoms.com.br\/index.php\/wp-json\/wp\/v2\/posts\/31710"}],"collection":[{"href":"https:\/\/expressaoms.com.br\/index.php\/wp-json\/wp\/v2\/posts"}],"about":[{"href":"https:\/\/expressaoms.com.br\/index.php\/wp-json\/wp\/v2\/types\/post"}],"author":[{"embeddable":true,"href":"https:\/\/expressaoms.com.br\/index.php\/wp-json\/wp\/v2\/users\/2"}],"replies":[{"embeddable":true,"href":"https:\/\/expressaoms.com.br\/index.php\/wp-json\/wp\/v2\/comments?post=31710"}],"version-history":[{"count":1,"href":"https:\/\/expressaoms.com.br\/index.php\/wp-json\/wp\/v2\/posts\/31710\/revisions"}],"predecessor-version":[{"id":31712,"href":"https:\/\/expressaoms.com.br\/index.php\/wp-json\/wp\/v2\/posts\/31710\/revisions\/31712"}],"wp:featuredmedia":[{"embeddable":true,"href":"https:\/\/expressaoms.com.br\/index.php\/wp-json\/wp\/v2\/media\/31711"}],"wp:attachment":[{"href":"https:\/\/expressaoms.com.br\/index.php\/wp-json\/wp\/v2\/media?parent=31710"}],"wp:term":[{"taxonomy":"category","embeddable":true,"href":"https:\/\/expressaoms.com.br\/index.php\/wp-json\/wp\/v2\/categories?post=31710"},{"taxonomy":"post_tag","embeddable":true,"href":"https:\/\/expressaoms.com.br\/index.php\/wp-json\/wp\/v2\/tags?post=31710"}],"curies":[{"name":"wp","href":"https:\/\/api.w.org\/{rel}","templated":true}]}}