{"id":31736,"date":"2025-01-08T07:14:42","date_gmt":"2025-01-08T11:14:42","guid":{"rendered":"https:\/\/expressaoms.com.br\/?p=31736"},"modified":"2025-01-08T07:14:42","modified_gmt":"2025-01-08T11:14:42","slug":"smas-abre-periodo-de-rematricula-e-matricula-para-os-servicos-de-convivencia","status":"publish","type":"post","link":"https:\/\/expressaoms.com.br\/index.php\/2025\/01\/08\/smas-abre-periodo-de-rematricula-e-matricula-para-os-servicos-de-convivencia\/","title":{"rendered":"SMAS abre per\u00edodo de rematr\u00edcula e matr\u00edcula para os Servi\u00e7os de Conviv\u00eancia"},"content":{"rendered":"<p data-raofz=\"16\">A Secretaria Municipal de Assist\u00eancia Social (SMAS) abriu o per\u00edodo de rematr\u00edcula para os Servi\u00e7os de Conviv\u00eancia e Fortalecimento de V\u00ednculos (SCFV). O per\u00edodo de rematr\u00edcula come\u00e7ou nesta segunda-feira, 6 de janeiro, e vai at\u00e9 o dia 31 de janeiro. J\u00e1 o per\u00edodo de matr\u00edcula para novos usu\u00e1rios ter\u00e1 in\u00edcio no dia 3 de fevereiro.<\/p>\n<p data-raofz=\"16\">Procedimentos<\/p>\n<p data-raofz=\"16\">As fam\u00edlias interessadas dever\u00e3o procurar o Centro de Refer\u00eancia de Assist\u00eancia Social (CRAS) de seu bairro para atendimento e avalia\u00e7\u00e3o t\u00e9cnica. Ap\u00f3s a avalia\u00e7\u00e3o, ser\u00e1 fornecido o encaminhamento para o SCFV de sua \u00e1rea de resid\u00eancia, para a realiza\u00e7\u00e3o da rematr\u00edcula ou matr\u00edcula.<\/p>\n<p data-raofz=\"16\">Documentos necess\u00e1rios<\/p>\n<p data-raofz=\"16\">\u2022 Encaminhamento do CRAS;<br \/>\n\u2022 Atestado escolar;<br \/>\n\u2022 C\u00f3pia da certid\u00e3o de nascimento;<br \/>\n\u2022 C\u00f3pia do RG e CPF da crian\u00e7a (se houver);<br \/>\n\u2022 C\u00f3pia do RG e CPF do respons\u00e1vel pela matr\u00edcula;<br \/>\n\u2022 C\u00f3pia do comprovante de resid\u00eancia;<br \/>\n\u2022 C\u00f3pia do Cart\u00e3o do SUS.<\/p>\n<p data-raofz=\"16\">CRAS \u2013 CENTROS DE REFER\u00caNCIA DE ASSIST\u00caNCIA SOCIAL<\/p>\n<p data-raofz=\"16\">CRAS \u201cAm\u00e9lia Jorge de Oliveira\u201d<br \/>\nEndere\u00e7o: Rua Ant\u00f4nio Estevan Leal, n\u00ba 1791 \u2013 Jardim Gl\u00f3ria<br \/>\nE-mail: crasameliaoliveira@treslagoas.ms.gov.br<br \/>\nTelefone: (67) 99213-0316<\/p>\n<p data-raofz=\"16\">CRAS \u201cAna Maria Moreira\u201d<br \/>\nEndere\u00e7o: Rua Rogaciano Garcia Moreira, n\u00ba 1762 \u2013 Vila Verde<br \/>\nE-mail: crasanamoreira@treslagoas.ms.gov.br<br \/>\nTelefone: (67) 99235-1703<\/p>\n<p data-raofz=\"16\">CRAS \u201cInterlagos\u201d<br \/>\nEndere\u00e7o: Rua Bom Jesus da Lapa, n\u00ba 309 \u2013 Lapa<br \/>\nE-mail: crasinterlagos@treslagoas.ms.gov.br<br \/>\nTelefone: (67) 99105-5677<\/p>\n<p data-raofz=\"16\">CRAS \u201cRuth M\u00e1ximo Filgueiras\u201d<br \/>\nEndere\u00e7o: Rua Theodoro Mendes, n\u00ba 908 \u2013 Guanabara<br \/>\nE-mail: crasruthfilgueiras@treslagoas.ms.gov.br<br \/>\nTelefone: (67) 99244-8926<\/p>\n<p data-raofz=\"16\">CRAS \u201cElza de Angeli de Paula\u201d<br \/>\nEndere\u00e7o: Rua Bruno Pool, n\u00ba 335 \u2013 Santos Dumont<br \/>\nE-mail: crassaojoao@treslagoas.ms.gov.br<br \/>\nTelefone: (67) 99205-5698<\/p>\n<p data-raofz=\"16\">CRAS \u201cVila Piloto\u201d<br \/>\nEndere\u00e7o: Rua Taufic M. Farran, n\u00ba 345, Vila Piloto (Endere\u00e7o atual)<br \/>\nE-mail: crasvp@treslagoas.ms.gov.br<br \/>\nTelefone: (67) 99233-2692<\/p>\n<p data-raofz=\"16\">Endere\u00e7os dos Servi\u00e7os de Conviv\u00eancia e Fortalecimento de V\u00ednculos (SCFV):<\/p>\n<p data-raofz=\"16\">SCFV \u201cBanda Cristo Redentor\u201d<br \/>\nEndere\u00e7o: Rua Maria Guilhermina Esteves, n\u00ba 537 \u2013 Santa Terezinha<br \/>\nE-mail: p.cristoredentor@treslagoas.ms.gov.br<br \/>\nTelefone: (67) 99272-1075<br \/>\nFaixa et\u00e1ria: 7 anos (masculino e feminino)<\/p>\n<p data-raofz=\"16\">SCFV \u201cBombeiros do Amanh\u00e3\u201d<br \/>\nEndere\u00e7o: Rua Filinto Muller, n\u00ba 3300 \u2013 Jardim Morumbi<br \/>\nE-mail: bombeirosdoamanha@treslagoas.ms.gov.br<br \/>\nTelefone: (67) 99273-6176<br \/>\nFaixa et\u00e1ria: 9 a 15 anos (masculino e feminino)<\/p>\n<p data-raofz=\"16\">SCFV \u201cCora\u00e7\u00e3o de M\u00e3e\u201d (CRASE)<br \/>\nEndere\u00e7o: Rua Clodoaldo Garcia, n\u00ba 2355 \u2013 Vila Haro<br \/>\nTelefone: (67) 99270-9842<br \/>\nFaixa et\u00e1ria: 5 a 17 anos (masculino e feminino)<\/p>\n<p data-raofz=\"16\">SCFV \u201cPatrulha Florestinha\u201d<br \/>\nEndere\u00e7o: Rua Taufic Farran, n\u00ba 345 \u2013 Vila Piloto<br \/>\nTelefone: (67) 99102-3836<br \/>\nFaixa et\u00e1ria: 7 a 17 anos (masculino e feminino)<\/p>\n<p data-raofz=\"16\">SCFV \u201cPatrulha Mirim da Pol\u00edcia Militar\u201d<br \/>\nEndere\u00e7o: Rua Clodoaldo Garcia, n\u00ba 2355 \u2013 Vila Haro<br \/>\nTelefone: (67) 3929-1297 \/ WhatsApp: (67) 99237-3908<br \/>\nFaixa et\u00e1ria: 9 a 17 anos (masculino e feminino)<\/p>\n<p data-raofz=\"16\">SCFV \u201cPelot\u00e3o Mirim\u201d<br \/>\nEndere\u00e7o: Rua dos Militares, n\u00ba 23 \u2013 Vila Piloto (C\u00edrculo Militar)<br \/>\nWhatsApp: (67) 99245-8420<br \/>\nFaixa et\u00e1ria: 9 a 17 anos (masculino e feminino)<\/p>\n<p data-raofz=\"16\">SCFV \u201cTia Nega\u201d<br \/>\nEndere\u00e7o: Rua Pel\u00f3pides Gouveia, n\u00ba 2230 \u2013 S\u00e3o Carlos<br \/>\nTelefone: (67) 99271-8077<\/p>\n","protected":false},"excerpt":{"rendered":"<p>A Secretaria Municipal de Assist\u00eancia Social (SMAS) abriu o per\u00edodo de rematr\u00edcula para os Servi\u00e7os de Conviv\u00eancia e Fortalecimento de V\u00ednculos (SCFV). O per\u00edodo de rematr\u00edcula come\u00e7ou nesta segunda-feira, 6 de janeiro, e vai at\u00e9 o dia 31 de janeiro. J\u00e1 o per\u00edodo de matr\u00edcula para novos usu\u00e1rios ter\u00e1 in\u00edcio no dia 3 de fevereiro. [&hellip;]<\/p>\n","protected":false},"author":2,"featured_media":31737,"comment_status":"open","ping_status":"open","sticky":false,"template":"","format":"standard","meta":{"om_disable_all_campaigns":false,"_monsterinsights_skip_tracking":false,"_monsterinsights_sitenote_active":false,"_monsterinsights_sitenote_note":"","_monsterinsights_sitenote_category":0,"footnotes":""},"categories":[32,36,48],"tags":[],"aioseo_notices":[],"_links":{"self":[{"href":"https:\/\/expressaoms.com.br\/index.php\/wp-json\/wp\/v2\/posts\/31736"}],"collection":[{"href":"https:\/\/expressaoms.com.br\/index.php\/wp-json\/wp\/v2\/posts"}],"about":[{"href":"https:\/\/expressaoms.com.br\/index.php\/wp-json\/wp\/v2\/types\/post"}],"author":[{"embeddable":true,"href":"https:\/\/expressaoms.com.br\/index.php\/wp-json\/wp\/v2\/users\/2"}],"replies":[{"embeddable":true,"href":"https:\/\/expressaoms.com.br\/index.php\/wp-json\/wp\/v2\/comments?post=31736"}],"version-history":[{"count":2,"href":"https:\/\/expressaoms.com.br\/index.php\/wp-json\/wp\/v2\/posts\/31736\/revisions"}],"predecessor-version":[{"id":31739,"href":"https:\/\/expressaoms.com.br\/index.php\/wp-json\/wp\/v2\/posts\/31736\/revisions\/31739"}],"wp:featuredmedia":[{"embeddable":true,"href":"https:\/\/expressaoms.com.br\/index.php\/wp-json\/wp\/v2\/media\/31737"}],"wp:attachment":[{"href":"https:\/\/expressaoms.com.br\/index.php\/wp-json\/wp\/v2\/media?parent=31736"}],"wp:term":[{"taxonomy":"category","embeddable":true,"href":"https:\/\/expressaoms.com.br\/index.php\/wp-json\/wp\/v2\/categories?post=31736"},{"taxonomy":"post_tag","embeddable":true,"href":"https:\/\/expressaoms.com.br\/index.php\/wp-json\/wp\/v2\/tags?post=31736"}],"curies":[{"name":"wp","href":"https:\/\/api.w.org\/{rel}","templated":true}]}}