{"id":31752,"date":"2025-01-08T07:24:09","date_gmt":"2025-01-08T11:24:09","guid":{"rendered":"https:\/\/expressaoms.com.br\/?p=31752"},"modified":"2025-01-08T07:24:09","modified_gmt":"2025-01-08T11:24:09","slug":"imunizacao-em-ms-campanhas-ultrapassaram-263-mil-doses-aplicadas-em-2024-ampliando-cobertura-2","status":"publish","type":"post","link":"https:\/\/expressaoms.com.br\/index.php\/2025\/01\/08\/imunizacao-em-ms-campanhas-ultrapassaram-263-mil-doses-aplicadas-em-2024-ampliando-cobertura-2\/","title":{"rendered":"Imuniza\u00e7\u00e3o em MS: campanhas ultrapassaram 263 mil doses aplicadas em 2024, ampliando cobertura"},"content":{"rendered":"<p>O estado de Mato Grosso do Sul encerrou o ano de 2024 com um aumento significativo na cobertura vacinal, resultado de estrat\u00e9gias promovidas pelo Governo do Estado, por meio da SES (Secretaria de Estado de Sa\u00fade), atrav\u00e9s do Projeto MS Vacina Mais.<\/p>\n<p><img fetchpriority=\"high\" decoding=\"async\" class=\"size-medium wp-image-500372 alignright\" src=\"https:\/\/agenciadenoticias.ms.gov.br\/wp-content\/uploads\/2025\/01\/WhatsApp-Image-2024-09-24-at-08.49.41-3-300x167.jpeg\" sizes=\"(max-width: 300px) 100vw, 300px\" srcset=\"https:\/\/agenciadenoticias.ms.gov.br\/wp-content\/uploads\/2025\/01\/WhatsApp-Image-2024-09-24-at-08.49.41-3-300x167.jpeg 300w, https:\/\/agenciadenoticias.ms.gov.br\/wp-content\/uploads\/2025\/01\/WhatsApp-Image-2024-09-24-at-08.49.41-3-1024x570.jpeg 1024w, https:\/\/agenciadenoticias.ms.gov.br\/wp-content\/uploads\/2025\/01\/WhatsApp-Image-2024-09-24-at-08.49.41-3-768x425.jpeg 768w, https:\/\/agenciadenoticias.ms.gov.br\/wp-content\/uploads\/2025\/01\/WhatsApp-Image-2024-09-24-at-08.49.41-3-350x195.jpeg 350w, https:\/\/agenciadenoticias.ms.gov.br\/wp-content\/uploads\/2025\/01\/WhatsApp-Image-2024-09-24-at-08.49.41-3.jpeg 1280w\" alt=\"\" width=\"300\" height=\"167\" \/>Uma das principais iniciativas foi a campanha estadual \u201cMS Vacina Mais Plus\u201d, que contou com um incentivo financeiro de R$ 1.935.000,00 para fortalecer as a\u00e7\u00f5es de imuniza\u00e7\u00e3o nos 79 munic\u00edpios sul-mato-grossenses.<\/p>\n<p>A campanha, teve como objetivo aumentar a oferta de vacina\u00e7\u00e3o, especialmente com atividades extramuros \u2013 aquelas realizadas fora das unidades de sa\u00fade. Os recursos foram destinados ao custeio provis\u00f3rio das equipes de sa\u00fade e \u00e0 execu\u00e7\u00e3o de estrat\u00e9gias municipais, como a amplia\u00e7\u00e3o do acesso \u00e0 vacina\u00e7\u00e3o em locais de grande circula\u00e7\u00e3o.<\/p>\n<p>Conforme dados do Painel de Coberturas Vacinais do Minist\u00e9rio da Sa\u00fade, Mato Grosso do Sul j\u00e1 alcan\u00e7ou a cobertura vacinal preconizada (maior de 95%) para os imunobiol\u00f3gicos:\u00a0 BCG, Pneumoc\u00f3cica 10v, Rotav\u00edrus, Meningoc\u00f3cica C e Tr\u00edplice Viral, marcando um avan\u00e7o expressivo nos \u00edndices de imuniza\u00e7\u00e3o. A tend\u00eancia \u00e9 que o estado tamb\u00e9m alcance o \u00edndice para outros imunizantes visto que os dados dispon\u00edveis no painel foram atualizados at\u00e9 o m\u00eas de outubro de 2024.<\/p>\n<p>Al\u00e9m da campanha \u201cMS Vacina Mais Plus\u201d, outras a\u00e7\u00f5es j\u00e1 consolidadas, como \u201cAluno Imunizado\u201d e \u201cCuidar de Quem Cuida\u201d, contribu\u00edram para o fortalecimento das a\u00e7\u00f5es de imuniza\u00e7\u00e3o ao longo do ano e, consequentemente, para aumento das coberturas vacinais. Ao todo, as campanhas somaram 263.837 doses de imunizantes aplicadas.<\/p>\n<div id=\"gallery-1\" class=\"gallery galleryid-500371 gallery-columns-2 gallery-size-large\">\n<figure class=\"gallery-item\">\n<div class=\"gallery-icon landscape\"><a href=\"https:\/\/agenciadenoticias.ms.gov.br\/wp-content\/uploads\/2025\/01\/WhatsApp-Image-2024-05-24-at-10.53.05-4.jpeg\"><img decoding=\"async\" class=\"attachment-large size-large\" src=\"https:\/\/agenciadenoticias.ms.gov.br\/wp-content\/uploads\/2025\/01\/WhatsApp-Image-2024-05-24-at-10.53.05-4-1024x768.jpeg\" sizes=\"(max-width: 1024px) 100vw, 1024px\" srcset=\"https:\/\/agenciadenoticias.ms.gov.br\/wp-content\/uploads\/2025\/01\/WhatsApp-Image-2024-05-24-at-10.53.05-4-1024x768.jpeg 1024w, https:\/\/agenciadenoticias.ms.gov.br\/wp-content\/uploads\/2025\/01\/WhatsApp-Image-2024-05-24-at-10.53.05-4-300x225.jpeg 300w, https:\/\/agenciadenoticias.ms.gov.br\/wp-content\/uploads\/2025\/01\/WhatsApp-Image-2024-05-24-at-10.53.05-4-768x576.jpeg 768w, https:\/\/agenciadenoticias.ms.gov.br\/wp-content\/uploads\/2025\/01\/WhatsApp-Image-2024-05-24-at-10.53.05-4-320x240.jpeg 320w, https:\/\/agenciadenoticias.ms.gov.br\/wp-content\/uploads\/2025\/01\/WhatsApp-Image-2024-05-24-at-10.53.05-4.jpeg 1280w\" alt=\"\" width=\"1024\" height=\"768\" \/><\/a><\/div>\n<\/figure>\n<figure class=\"gallery-item\">\n<div class=\"gallery-icon landscape\"><a href=\"https:\/\/agenciadenoticias.ms.gov.br\/wp-content\/uploads\/2025\/01\/Estrategia-Aluno-Imunizado-CEI-ZEDU-04-11-2024-2-e1736193191142.jpeg\"><img decoding=\"async\" class=\"attachment-large size-large\" src=\"https:\/\/agenciadenoticias.ms.gov.br\/wp-content\/uploads\/2025\/01\/Estrategia-Aluno-Imunizado-CEI-ZEDU-04-11-2024-2-e1736193191142-1024x758.jpeg\" sizes=\"auto, (max-width: 1024px) 100vw, 1024px\" srcset=\"https:\/\/agenciadenoticias.ms.gov.br\/wp-content\/uploads\/2025\/01\/Estrategia-Aluno-Imunizado-CEI-ZEDU-04-11-2024-2-e1736193191142-1024x758.jpeg 1024w, https:\/\/agenciadenoticias.ms.gov.br\/wp-content\/uploads\/2025\/01\/Estrategia-Aluno-Imunizado-CEI-ZEDU-04-11-2024-2-e1736193191142-300x222.jpeg 300w, https:\/\/agenciadenoticias.ms.gov.br\/wp-content\/uploads\/2025\/01\/Estrategia-Aluno-Imunizado-CEI-ZEDU-04-11-2024-2-e1736193191142-768x568.jpeg 768w, https:\/\/agenciadenoticias.ms.gov.br\/wp-content\/uploads\/2025\/01\/Estrategia-Aluno-Imunizado-CEI-ZEDU-04-11-2024-2-e1736193191142-324x240.jpeg 324w, https:\/\/agenciadenoticias.ms.gov.br\/wp-content\/uploads\/2025\/01\/Estrategia-Aluno-Imunizado-CEI-ZEDU-04-11-2024-2-e1736193191142.jpeg 1308w\" alt=\"\" width=\"1024\" height=\"758\" \/><\/a><\/div>\n<\/figure>\n<\/div>\n<p>Segundo o gerente de Imuniza\u00e7\u00e3o da SES, Frederico de Moraes, a intensifica\u00e7\u00e3o das atividades vacinais foi essencial para o avan\u00e7o nas coberturas. \u201cCom o incentivo financeiro, os munic\u00edpios puderam ampliar suas estrat\u00e9gias e melhorar os \u00edndices de vacina\u00e7\u00e3o, impactando positivamente o cen\u00e1rio epidemiol\u00f3gico do estado\u201d, destacou.<\/p>\n<p>As campanhas tamb\u00e9m priorizaram a multivacina\u00e7\u00e3o, com oferta de imunizantes para todas as fases da vida, desde crian\u00e7as at\u00e9 idosos. A proposta de descentraliza\u00e7\u00e3o e a mobiliza\u00e7\u00e3o das equipes municipais refor\u00e7aram o compromisso do estado em assegurar maior acesso \u00e0s vacinas, contribuindo para a preven\u00e7\u00e3o de doen\u00e7as e a prote\u00e7\u00e3o da sa\u00fade coletiva.<\/p>\n<p>\u201cEm resumo, em 2024, tivemos um avan\u00e7o nas vacinas de rotina, com boas perspectivas de alcan\u00e7ar as metas de cobertura para a maioria das vacinas do calend\u00e1rio nacional. O trabalho \u00e9 cont\u00ednuo e as estrat\u00e9gias t\u00eam sido ajustadas para melhorar a cobertura vacinal e garantir a prote\u00e7\u00e3o da popula\u00e7\u00e3o. Estamos confiantes de que, com o engajamento de todos, conseguiremos avan\u00e7ar ainda mais em 2025, enfrentando desafios e garantindo a sa\u00fade de todos\u201d, assegura Frederico.<\/p>\n<p>Com os esfor\u00e7os de 2024, o estado avan\u00e7a na consolida\u00e7\u00e3o de pol\u00edticas p\u00fablicas voltadas \u00e0 imuniza\u00e7\u00e3o e segue com o objetivo de ampliar ainda mais a cobertura vacinal e refor\u00e7ar o compromisso com a sa\u00fade preventiva da popula\u00e7\u00e3o.<\/p>\n","protected":false},"excerpt":{"rendered":"<p>O estado de Mato Grosso do Sul encerrou o ano de 2024 com um aumento significativo na cobertura vacinal, resultado de estrat\u00e9gias promovidas pelo Governo do Estado, por meio da SES (Secretaria de Estado de Sa\u00fade), atrav\u00e9s do Projeto MS Vacina Mais. Uma das principais iniciativas foi a campanha estadual \u201cMS Vacina Mais Plus\u201d, que [&hellip;]<\/p>\n","protected":false},"author":2,"featured_media":31753,"comment_status":"open","ping_status":"open","sticky":false,"template":"","format":"standard","meta":{"om_disable_all_campaigns":false,"_monsterinsights_skip_tracking":false,"_monsterinsights_sitenote_active":false,"_monsterinsights_sitenote_note":"","_monsterinsights_sitenote_category":0,"footnotes":""},"categories":[36,266,44],"tags":[],"aioseo_notices":[],"_links":{"self":[{"href":"https:\/\/expressaoms.com.br\/index.php\/wp-json\/wp\/v2\/posts\/31752"}],"collection":[{"href":"https:\/\/expressaoms.com.br\/index.php\/wp-json\/wp\/v2\/posts"}],"about":[{"href":"https:\/\/expressaoms.com.br\/index.php\/wp-json\/wp\/v2\/types\/post"}],"author":[{"embeddable":true,"href":"https:\/\/expressaoms.com.br\/index.php\/wp-json\/wp\/v2\/users\/2"}],"replies":[{"embeddable":true,"href":"https:\/\/expressaoms.com.br\/index.php\/wp-json\/wp\/v2\/comments?post=31752"}],"version-history":[{"count":1,"href":"https:\/\/expressaoms.com.br\/index.php\/wp-json\/wp\/v2\/posts\/31752\/revisions"}],"predecessor-version":[{"id":31754,"href":"https:\/\/expressaoms.com.br\/index.php\/wp-json\/wp\/v2\/posts\/31752\/revisions\/31754"}],"wp:featuredmedia":[{"embeddable":true,"href":"https:\/\/expressaoms.com.br\/index.php\/wp-json\/wp\/v2\/media\/31753"}],"wp:attachment":[{"href":"https:\/\/expressaoms.com.br\/index.php\/wp-json\/wp\/v2\/media?parent=31752"}],"wp:term":[{"taxonomy":"category","embeddable":true,"href":"https:\/\/expressaoms.com.br\/index.php\/wp-json\/wp\/v2\/categories?post=31752"},{"taxonomy":"post_tag","embeddable":true,"href":"https:\/\/expressaoms.com.br\/index.php\/wp-json\/wp\/v2\/tags?post=31752"}],"curies":[{"name":"wp","href":"https:\/\/api.w.org\/{rel}","templated":true}]}}