{"id":31767,"date":"2025-01-08T13:03:04","date_gmt":"2025-01-08T17:03:04","guid":{"rendered":"https:\/\/expressaoms.com.br\/?p=31767"},"modified":"2025-01-08T13:03:04","modified_gmt":"2025-01-08T17:03:04","slug":"inquerito-do-mpms-apura-corte-ilicito-de-arvores-no-parque-dos-poderes","status":"publish","type":"post","link":"https:\/\/expressaoms.com.br\/index.php\/2025\/01\/08\/inquerito-do-mpms-apura-corte-ilicito-de-arvores-no-parque-dos-poderes\/","title":{"rendered":"Inqu\u00e9rito do MPMS apura corte il\u00edcito de \u00e1rvores no Parque dos Poderes"},"content":{"rendered":"<p>O Minist\u00e9rio P\u00fablico de Mato Grosso do Sul (MPMS), por meio da 34\u00aa Promotoria de Justi\u00e7a de Campo Grande, abriu inqu\u00e9rito para apurar e responsabilizar os respons\u00e1veis pelo corte il\u00edcito de \u00e1rvores no Parque dos Poderes, em terreno localizado na Rua Imb\u00e9 com a Avenida do Poeta.<\/p>\n<p>Segundo a den\u00fancia apresentada em not\u00edcia de fato do m\u00eas de maio de 2024 \u00e0 Ouvidoria do MPMS, as \u00e1rvores foram retiradas sem qualquer autoriza\u00e7\u00e3o e sem um plano de manejo, em \u00e1rea de reserva legal.<\/p>\n<p>Para dar andamento \u00e0 apura\u00e7\u00e3o, foi solicitada vistoria por parte do \u00f3rg\u00e3o ambiental municipal, que constatou a supress\u00e3o de oito \u00e1rvores no local. A maior delas, possivelmente a mais antiga, tinha 56 cm de di\u00e2metro.<\/p>\n<p>As fotos tiradas na vistoria mostram que s\u00f3 restaram os tocos das plantas no ch\u00e3o. A Secretaria Municipal de Meio Ambiente e Desenvolvimento Urbano (Semadur) aplicou multa de R$ 32 mil.<\/p>\n<p>O Minist\u00e9rio P\u00fablico tamb\u00e9m requisitou informa\u00e7\u00f5es ao Instituto de Meio Ambiente de Mato Grosso do Sul (IMASUL) sobre as medidas de pol\u00edcia administrativa adotadas.<\/p>\n<h2><strong>Responsabilidade<\/strong><\/h2>\n<p>Para o Promotor de Justi\u00e7a Luiz Ant\u00f4nio Freitas de Almeida, respons\u00e1vel pelo caso, \u00e9 necess\u00e1rio, agora, identificar os respons\u00e1veis pelo corte das \u00e1rvores e garantir que sejam adotadas medidas para a recupera\u00e7\u00e3o da \u00e1rea afetada.<\/p>\n<p>&#8220;Todos t\u00eam direito ao meio ambiente ecologicamente equilibrado, e \u00e9 nosso dever proteg\u00ea-lo para as presentes e futuras gera\u00e7\u00f5es&#8221;, escreveu.<\/p>\n<p>O inqu\u00e9rito civil est\u00e1 dispon\u00edvel para consulta p\u00fablica na sede da 34\u00aa Promotoria de Justi\u00e7a de Campo Grande e na \u00e1rea de acesso a procedimentos do portal do MPMS.<\/p>\n<p>Tem uma den\u00fancia desse tipo? Entre em contato com a\u00a0<strong><a href=\"https:\/\/www.mpms.mp.br\/ouvidoria\" target=\"_blank\" rel=\"noopener\">Ouvidoria do Minist\u00e9rio P\u00fablico de Mato Grosso do Sul<\/a><\/strong>.<\/p>\n","protected":false},"excerpt":{"rendered":"<p>O Minist\u00e9rio P\u00fablico de Mato Grosso do Sul (MPMS), por meio da 34\u00aa Promotoria de Justi\u00e7a de Campo Grande, abriu inqu\u00e9rito para apurar e responsabilizar os respons\u00e1veis pelo corte il\u00edcito de \u00e1rvores no Parque dos Poderes, em terreno localizado na Rua Imb\u00e9 com a Avenida do Poeta. Segundo a den\u00fancia apresentada em not\u00edcia de fato [&hellip;]<\/p>\n","protected":false},"author":3,"featured_media":31768,"comment_status":"open","ping_status":"open","sticky":false,"template":"","format":"standard","meta":{"om_disable_all_campaigns":false,"_monsterinsights_skip_tracking":false,"_monsterinsights_sitenote_active":false,"_monsterinsights_sitenote_note":"","_monsterinsights_sitenote_category":0,"footnotes":""},"categories":[27],"tags":[],"aioseo_notices":[],"_links":{"self":[{"href":"https:\/\/expressaoms.com.br\/index.php\/wp-json\/wp\/v2\/posts\/31767"}],"collection":[{"href":"https:\/\/expressaoms.com.br\/index.php\/wp-json\/wp\/v2\/posts"}],"about":[{"href":"https:\/\/expressaoms.com.br\/index.php\/wp-json\/wp\/v2\/types\/post"}],"author":[{"embeddable":true,"href":"https:\/\/expressaoms.com.br\/index.php\/wp-json\/wp\/v2\/users\/3"}],"replies":[{"embeddable":true,"href":"https:\/\/expressaoms.com.br\/index.php\/wp-json\/wp\/v2\/comments?post=31767"}],"version-history":[{"count":1,"href":"https:\/\/expressaoms.com.br\/index.php\/wp-json\/wp\/v2\/posts\/31767\/revisions"}],"predecessor-version":[{"id":31769,"href":"https:\/\/expressaoms.com.br\/index.php\/wp-json\/wp\/v2\/posts\/31767\/revisions\/31769"}],"wp:featuredmedia":[{"embeddable":true,"href":"https:\/\/expressaoms.com.br\/index.php\/wp-json\/wp\/v2\/media\/31768"}],"wp:attachment":[{"href":"https:\/\/expressaoms.com.br\/index.php\/wp-json\/wp\/v2\/media?parent=31767"}],"wp:term":[{"taxonomy":"category","embeddable":true,"href":"https:\/\/expressaoms.com.br\/index.php\/wp-json\/wp\/v2\/categories?post=31767"},{"taxonomy":"post_tag","embeddable":true,"href":"https:\/\/expressaoms.com.br\/index.php\/wp-json\/wp\/v2\/tags?post=31767"}],"curies":[{"name":"wp","href":"https:\/\/api.w.org\/{rel}","templated":true}]}}