{"id":31885,"date":"2025-01-15T09:33:20","date_gmt":"2025-01-15T13:33:20","guid":{"rendered":"https:\/\/expressaoms.com.br\/?p=31885"},"modified":"2025-01-15T09:33:20","modified_gmt":"2025-01-15T13:33:20","slug":"quarta-feira-segue-com-previsao-de-chuva-e-aumento-da-temperatura-no-estado","status":"publish","type":"post","link":"https:\/\/expressaoms.com.br\/index.php\/2025\/01\/15\/quarta-feira-segue-com-previsao-de-chuva-e-aumento-da-temperatura-no-estado\/","title":{"rendered":"Quarta-feira segue com previs\u00e3o de chuva e aumento da temperatura no Estado"},"content":{"rendered":"<p>Nesta quarta-feira (15) a previs\u00e3o indica sol, com aumento da temperatura no Estado e possibilidade de chuva devido ao aquecimento diurno. Pontualmente podem ocorrer tempestades acompanhadas de raios e rajadas de vento. O cen\u00e1rio mostra atua\u00e7\u00e3o de \u00e1reas de baixa press\u00e3o atmosf\u00e9rica.<\/p>\n<p>Segundo o Cemtec (Centro de Monitoramento do Tempo e do Clima de MS) as regi\u00f5es sul e sudeste do Estado ter\u00e3o m\u00ednimas entre 20-23\u00b0C e m\u00e1ximas entre 30-35\u00b0C. J\u00e1 na regi\u00e3o sudoeste espera-se m\u00ednimas entre 24-26\u00b0C e m\u00e1ximas entre 37-39\u00b0C.<\/p>\n<p>Para o Bols\u00e3o, Pantanal e regi\u00e3o norte s\u00e3o esperadas m\u00ednimas entre 22-25\u00b0C e m\u00e1ximas entre 29-35\u00b0C. Na Capital as m\u00ednimas ficam entre 22-24\u00b0C e m\u00e1ximas de 30\u00b0 e 32\u00b0C. Os ventos variam entre o quadrante leste e norte com valores entre 30-50 km\/h e, pontualmente, podem ocorrer rajadas acima de 50 km\/h.<\/p>\n<p><a href=\"https:\/\/agenciadenoticias.ms.gov.br\/wp-content\/uploads\/2025\/01\/1401-1.jpg\"><img fetchpriority=\"high\" decoding=\"async\" class=\"aligncenter wp-image-500822 size-full\" src=\"https:\/\/agenciadenoticias.ms.gov.br\/wp-content\/uploads\/2025\/01\/1401-1.jpg\" sizes=\"(max-width: 595px) 100vw, 595px\" srcset=\"https:\/\/agenciadenoticias.ms.gov.br\/wp-content\/uploads\/2025\/01\/1401-1.jpg 595w, https:\/\/agenciadenoticias.ms.gov.br\/wp-content\/uploads\/2025\/01\/1401-1-300x208.jpg 300w, https:\/\/agenciadenoticias.ms.gov.br\/wp-content\/uploads\/2025\/01\/1401-1-346x240.jpg 346w\" alt=\"\" width=\"595\" height=\"413\" \/><\/a><\/p>\n","protected":false},"excerpt":{"rendered":"<p>Nesta quarta-feira (15) a previs\u00e3o indica sol, com aumento da temperatura no Estado e possibilidade de chuva devido ao aquecimento diurno. Pontualmente podem ocorrer tempestades acompanhadas de raios e rajadas de vento. O cen\u00e1rio mostra atua\u00e7\u00e3o de \u00e1reas de baixa press\u00e3o atmosf\u00e9rica. Segundo o Cemtec (Centro de Monitoramento do Tempo e do Clima de MS) [&hellip;]<\/p>\n","protected":false},"author":2,"featured_media":31886,"comment_status":"open","ping_status":"open","sticky":false,"template":"","format":"standard","meta":{"om_disable_all_campaigns":false,"_monsterinsights_skip_tracking":false,"_monsterinsights_sitenote_active":false,"_monsterinsights_sitenote_note":"","_monsterinsights_sitenote_category":0,"footnotes":""},"categories":[36,266],"tags":[],"aioseo_notices":[],"_links":{"self":[{"href":"https:\/\/expressaoms.com.br\/index.php\/wp-json\/wp\/v2\/posts\/31885"}],"collection":[{"href":"https:\/\/expressaoms.com.br\/index.php\/wp-json\/wp\/v2\/posts"}],"about":[{"href":"https:\/\/expressaoms.com.br\/index.php\/wp-json\/wp\/v2\/types\/post"}],"author":[{"embeddable":true,"href":"https:\/\/expressaoms.com.br\/index.php\/wp-json\/wp\/v2\/users\/2"}],"replies":[{"embeddable":true,"href":"https:\/\/expressaoms.com.br\/index.php\/wp-json\/wp\/v2\/comments?post=31885"}],"version-history":[{"count":1,"href":"https:\/\/expressaoms.com.br\/index.php\/wp-json\/wp\/v2\/posts\/31885\/revisions"}],"predecessor-version":[{"id":31887,"href":"https:\/\/expressaoms.com.br\/index.php\/wp-json\/wp\/v2\/posts\/31885\/revisions\/31887"}],"wp:featuredmedia":[{"embeddable":true,"href":"https:\/\/expressaoms.com.br\/index.php\/wp-json\/wp\/v2\/media\/31886"}],"wp:attachment":[{"href":"https:\/\/expressaoms.com.br\/index.php\/wp-json\/wp\/v2\/media?parent=31885"}],"wp:term":[{"taxonomy":"category","embeddable":true,"href":"https:\/\/expressaoms.com.br\/index.php\/wp-json\/wp\/v2\/categories?post=31885"},{"taxonomy":"post_tag","embeddable":true,"href":"https:\/\/expressaoms.com.br\/index.php\/wp-json\/wp\/v2\/tags?post=31885"}],"curies":[{"name":"wp","href":"https:\/\/api.w.org\/{rel}","templated":true}]}}