{"id":31906,"date":"2025-01-15T17:07:58","date_gmt":"2025-01-15T21:07:58","guid":{"rendered":"https:\/\/expressaoms.com.br\/?p=31906"},"modified":"2025-01-15T21:08:12","modified_gmt":"2025-01-16T01:08:12","slug":"smas-arrecadou-1-682-doacoes-de-alimentos-que-serao-destinados-as-organizacoes-da-sociedade-civil-de-tres-lagoas","status":"publish","type":"post","link":"https:\/\/expressaoms.com.br\/index.php\/2025\/01\/15\/smas-arrecadou-1-682-doacoes-de-alimentos-que-serao-destinados-as-organizacoes-da-sociedade-civil-de-tres-lagoas\/","title":{"rendered":"SMAS arrecadou 1.682 doa\u00e7\u00f5es de alimentos que ser\u00e3o destinados \u00e0s organiza\u00e7\u00f5es da sociedade civil de Tr\u00eas Lagoas"},"content":{"rendered":"<p data-raofz=\"16\">Na noite de ontem, ter\u00e7a-feira, 14 de janeiro, a carreta \u201cLim\u00e3o Doce\u201d, em parceria com a Prefeitura de Tr\u00eas Lagoas, juntamente com a Secretaria Municipal de Assist\u00eancia Social (SMAS), realizou um passeio social, voltada para a arrecada\u00e7\u00e3o de leite e gelatina. O ingresso para participar do passeio noturno, que teve in\u00edcio na Esplanada NOB e percorreu os principais pontos da cidade, foi a doa\u00e7\u00e3o de uma caixa de leite e uma gelatina.<\/p>\n<p data-raofz=\"16\">A iniciativa teve como objetivo arrecadar alimentos para as organiza\u00e7\u00f5es da sociedade civil (OSC) do munic\u00edpio. Nesta edi\u00e7\u00e3o, foram coletados 835 gelatinas e 850 litros de leite, que foram entregues para SMAS. A secretaria ser\u00e1 respons\u00e1vel por distribuir as doa\u00e7\u00f5es entre as entidades beneficiadas de Tr\u00eas Lagoas.<\/p>\n<p data-raofz=\"16\">Entre as institui\u00e7\u00f5es contempladas est\u00e3o a Rede Feminina de Combate ao C\u00e2ncer, que receber\u00e1 as gelatinas, e o Lar dos Idosos. A a\u00e7\u00e3o destaca o compromisso com a solidariedade e o fortalecimento da rede de assist\u00eancia social no munic\u00edpio, reafirmando a import\u00e2ncia de iniciativas que unem a comunidade em prol do bem comum.<\/p>\n","protected":false},"excerpt":{"rendered":"<p>Na noite de ontem, ter\u00e7a-feira, 14 de janeiro, a carreta \u201cLim\u00e3o Doce\u201d, em parceria com a Prefeitura de Tr\u00eas Lagoas, juntamente com a Secretaria Municipal de Assist\u00eancia Social (SMAS), realizou um passeio social, voltada para a arrecada\u00e7\u00e3o de leite e gelatina. O ingresso para participar do passeio noturno, que teve in\u00edcio na Esplanada NOB e [&hellip;]<\/p>\n","protected":false},"author":2,"featured_media":31907,"comment_status":"open","ping_status":"open","sticky":false,"template":"","format":"standard","meta":{"om_disable_all_campaigns":false,"_monsterinsights_skip_tracking":false,"_monsterinsights_sitenote_active":false,"_monsterinsights_sitenote_note":"","_monsterinsights_sitenote_category":0,"footnotes":""},"categories":[36,48],"tags":[],"aioseo_notices":[],"_links":{"self":[{"href":"https:\/\/expressaoms.com.br\/index.php\/wp-json\/wp\/v2\/posts\/31906"}],"collection":[{"href":"https:\/\/expressaoms.com.br\/index.php\/wp-json\/wp\/v2\/posts"}],"about":[{"href":"https:\/\/expressaoms.com.br\/index.php\/wp-json\/wp\/v2\/types\/post"}],"author":[{"embeddable":true,"href":"https:\/\/expressaoms.com.br\/index.php\/wp-json\/wp\/v2\/users\/2"}],"replies":[{"embeddable":true,"href":"https:\/\/expressaoms.com.br\/index.php\/wp-json\/wp\/v2\/comments?post=31906"}],"version-history":[{"count":1,"href":"https:\/\/expressaoms.com.br\/index.php\/wp-json\/wp\/v2\/posts\/31906\/revisions"}],"predecessor-version":[{"id":31908,"href":"https:\/\/expressaoms.com.br\/index.php\/wp-json\/wp\/v2\/posts\/31906\/revisions\/31908"}],"wp:featuredmedia":[{"embeddable":true,"href":"https:\/\/expressaoms.com.br\/index.php\/wp-json\/wp\/v2\/media\/31907"}],"wp:attachment":[{"href":"https:\/\/expressaoms.com.br\/index.php\/wp-json\/wp\/v2\/media?parent=31906"}],"wp:term":[{"taxonomy":"category","embeddable":true,"href":"https:\/\/expressaoms.com.br\/index.php\/wp-json\/wp\/v2\/categories?post=31906"},{"taxonomy":"post_tag","embeddable":true,"href":"https:\/\/expressaoms.com.br\/index.php\/wp-json\/wp\/v2\/tags?post=31906"}],"curies":[{"name":"wp","href":"https:\/\/api.w.org\/{rel}","templated":true}]}}