{"id":31933,"date":"2025-01-17T09:15:25","date_gmt":"2025-01-17T13:15:25","guid":{"rendered":"https:\/\/expressaoms.com.br\/?p=31933"},"modified":"2025-01-17T09:15:25","modified_gmt":"2025-01-17T13:15:25","slug":"vacina-nao-tira-ferias-sms-reforca-que-imunizantes-continuam-disponiveis-para-populacao-nas-ufss","status":"publish","type":"post","link":"https:\/\/expressaoms.com.br\/index.php\/2025\/01\/17\/vacina-nao-tira-ferias-sms-reforca-que-imunizantes-continuam-disponiveis-para-populacao-nas-ufss\/","title":{"rendered":"VACINA N\u00c3O TIRA F\u00c9RIAS \u2013 SMS refor\u00e7a que imunizantes continuam dispon\u00edveis para popula\u00e7\u00e3o nas UFSs"},"content":{"rendered":"<p>A Prefeitura de Tr\u00eas Lagoas, por meio da Secretaria Municipal de Sa\u00fade (SMS), refor\u00e7a que as vacinas dispon\u00edveis nas Unidades de Sa\u00fade da Fam\u00edlia (USF) seguem \u00e0 disposi\u00e7\u00e3o da popula\u00e7\u00e3o, com foco em manter os calend\u00e1rios de vacina\u00e7\u00e3o em dia. De crian\u00e7as, adolescentes, adultos e idosos, a imuniza\u00e7\u00e3o \u00e9 fundamental para garantir a sa\u00fade e prevenir doen\u00e7as. Afinal, vacinas n\u00e3o tiram f\u00e9rias.<\/p>\n<p>Calend\u00e1rio de vacina\u00e7\u00e3o infantil: 0 a 4 anos<\/p>\n<p>Para crian\u00e7as de 0 a 4 anos, as vacinas dispon\u00edveis incluem:<br \/>\n* Ao nascer: BCG (contra a tuberculose) e hepatite B.<br \/>\n* Primeiros anos: Rotav\u00edrus, pneumoc\u00f3cica, meningoc\u00f3cica C, pentavalente, poliomielite (injet\u00e1vel), tr\u00edplice viral (sarampo, caxumba e rub\u00e9ola), febre amarela, hepatite A, varicela (catapora) e Covid-19.<\/p>\n<p>Essas vacinas comp\u00f5em o calend\u00e1rio b\u00e1sico da primeira inf\u00e2ncia e devem ser aplicadas conforme a faixa et\u00e1ria e os intervalos recomendados. At\u00e9 os 4 anos, \u00e9 essencial que os respons\u00e1veis levem as crian\u00e7as regularmente \u00e0s unidades de sa\u00fade para manter as doses em dia.<\/p>\n<p>Calend\u00e1rio de vacina\u00e7\u00e3o para adolescentes inclui:<br \/>\n* HPV (preven\u00e7\u00e3o contra c\u00e2nceres relacionados ao v\u00edrus).<br \/>\n* Meningoc\u00f3cica ACWY.<br \/>\n* Hepatite B, tr\u00edplice viral, febre amarela e t\u00e9tano.<br \/>\n* Vacina contra dengue.<br \/>\n.COVID-19 para os n\u00e3o vacinados e grupos priorit\u00e1rios.<br \/>\n.campanhas sazonais de gripe.<\/p>\n<p>Essas vacinas s\u00e3o essenciais para prevenir doen\u00e7as que podem ser graves, especialmente nesta fase da vida.<\/p>\n<p>Calend\u00e1rio de vacina\u00e7\u00e3o para adultos<br \/>\nOs esquemas da popula\u00e7\u00e3o adulta incluem:<br \/>\n* T\u00e9tano (DT).<br \/>\n* Hepatite.<br \/>\n* Tr\u00edplice viral, que protege contra sarampo, rub\u00e9ola e caxumba.<br \/>\n* Febre amarela (dose \u00fanica).<br \/>\n* Campanhas de vacina\u00e7\u00e3o contra Gripe e COVID-19, especialmente para aqueles sem registro de nenhuma dose e grupos priorit\u00e1rios.<\/p>\n<p>Essas vacinas comp\u00f5em o calend\u00e1rio b\u00e1sico para adultos e s\u00e3o fundamentais para a preven\u00e7\u00e3o de doen\u00e7as.<\/p>\n<p>ATEN\u00c7\u00c3O ESPECIAL \u00c0 FEBRE AMARELA<\/p>\n<p>A enfermeira Fernanda Nery, da Central de Imuniza\u00e7\u00e3o, alerta para os baixos \u00edndices de vacina\u00e7\u00e3o contra a febre amarela, especialmente entre crian\u00e7as. \u201cA febre amarela \u00e9 uma vacina que exige aten\u00e7\u00e3o especial. Os pais e respons\u00e1veis precisam estar atentos, especialmente em casos de alergia a ovo, que pode exigir cuidados adicionais\u201d, explicou Fernanda.<\/p>\n<p>VACINA\u00c7\u00c3O \u00c9 RESPONSABILIDADE DE TODOS<\/p>\n<p>Manter as vacinas em dia \u00e9 uma responsabilidade compartilhada entre as fam\u00edlias e o poder p\u00fablico. A SMS refor\u00e7a que as Unidades de Sa\u00fade da Fam\u00edlia est\u00e3o preparadas para atender \u00e0 popula\u00e7\u00e3o e garantir que todos estejam protegidos contra doen\u00e7as imunopreven\u00edveis.<\/p>\n<p>PROCURE A UNIDADE MAIS PR\u00d3XIMA<\/p>\n<p>Leve a caderneta de vacina\u00e7\u00e3o \u00e0 unidade de sa\u00fade mais pr\u00f3xima para verificar se as doses est\u00e3o em dia. A vacina\u00e7\u00e3o \u00e9 segura, eficaz e salva vidas.<\/p>\n","protected":false},"excerpt":{"rendered":"<p>A Prefeitura de Tr\u00eas Lagoas, por meio da Secretaria Municipal de Sa\u00fade (SMS), refor\u00e7a que as vacinas dispon\u00edveis nas Unidades de Sa\u00fade da Fam\u00edlia (USF) seguem \u00e0 disposi\u00e7\u00e3o da popula\u00e7\u00e3o, com foco em manter os calend\u00e1rios de vacina\u00e7\u00e3o em dia. De crian\u00e7as, adolescentes, adultos e idosos, a imuniza\u00e7\u00e3o \u00e9 fundamental para garantir a sa\u00fade e [&hellip;]<\/p>\n","protected":false},"author":2,"featured_media":31934,"comment_status":"open","ping_status":"open","sticky":false,"template":"","format":"standard","meta":{"om_disable_all_campaigns":false,"_monsterinsights_skip_tracking":false,"_monsterinsights_sitenote_active":false,"_monsterinsights_sitenote_note":"","_monsterinsights_sitenote_category":0,"footnotes":""},"categories":[36,44,48],"tags":[],"aioseo_notices":[],"_links":{"self":[{"href":"https:\/\/expressaoms.com.br\/index.php\/wp-json\/wp\/v2\/posts\/31933"}],"collection":[{"href":"https:\/\/expressaoms.com.br\/index.php\/wp-json\/wp\/v2\/posts"}],"about":[{"href":"https:\/\/expressaoms.com.br\/index.php\/wp-json\/wp\/v2\/types\/post"}],"author":[{"embeddable":true,"href":"https:\/\/expressaoms.com.br\/index.php\/wp-json\/wp\/v2\/users\/2"}],"replies":[{"embeddable":true,"href":"https:\/\/expressaoms.com.br\/index.php\/wp-json\/wp\/v2\/comments?post=31933"}],"version-history":[{"count":1,"href":"https:\/\/expressaoms.com.br\/index.php\/wp-json\/wp\/v2\/posts\/31933\/revisions"}],"predecessor-version":[{"id":31935,"href":"https:\/\/expressaoms.com.br\/index.php\/wp-json\/wp\/v2\/posts\/31933\/revisions\/31935"}],"wp:featuredmedia":[{"embeddable":true,"href":"https:\/\/expressaoms.com.br\/index.php\/wp-json\/wp\/v2\/media\/31934"}],"wp:attachment":[{"href":"https:\/\/expressaoms.com.br\/index.php\/wp-json\/wp\/v2\/media?parent=31933"}],"wp:term":[{"taxonomy":"category","embeddable":true,"href":"https:\/\/expressaoms.com.br\/index.php\/wp-json\/wp\/v2\/categories?post=31933"},{"taxonomy":"post_tag","embeddable":true,"href":"https:\/\/expressaoms.com.br\/index.php\/wp-json\/wp\/v2\/tags?post=31933"}],"curies":[{"name":"wp","href":"https:\/\/api.w.org\/{rel}","templated":true}]}}