{"id":32065,"date":"2025-01-27T09:49:42","date_gmt":"2025-01-27T13:49:42","guid":{"rendered":"https:\/\/expressaoms.com.br\/?p=32065"},"modified":"2025-01-27T09:49:42","modified_gmt":"2025-01-27T13:49:42","slug":"equipe-da-sedect-vai-a-campo-grande-para-impulsionar-projetos-de-desenvolvimento-de-tres-lagoas","status":"publish","type":"post","link":"https:\/\/expressaoms.com.br\/index.php\/2025\/01\/27\/equipe-da-sedect-vai-a-campo-grande-para-impulsionar-projetos-de-desenvolvimento-de-tres-lagoas\/","title":{"rendered":"Equipe da SEDECT vai \u00e0 Campo Grande para impulsionar projetos de desenvolvimento de Tr\u00eas Lagoas"},"content":{"rendered":"<p>Na \u00faltima semana, o secret\u00e1rio de Desenvolvimento Econ\u00f4mico, Ci\u00eancia e Tecnologia, Marcos Junior, acompanhado do diretor de desenvolvimento, Frank Morais, o diretor de Inova\u00e7\u00e3o, Tecnologia e log\u00edstica, Renan Baptista, participaram de uma s\u00e9rie de reuni\u00f5es estrat\u00e9gicas em Campo Grande para tratar de projetos e iniciativas que visam o desenvolvimento de Tr\u00eas Lagoas.<\/p>\n<p>Ao todo, foram realizadas oito reuni\u00f5es com \u00f3rg\u00e3os estaduais, associa\u00e7\u00f5es e institui\u00e7\u00f5es, abrangendo temas como infraestrutura, capacita\u00e7\u00e3o profissional, inova\u00e7\u00e3o tecnol\u00f3gica e fortalecimento de setores produtivos.<\/p>\n<p><strong>INFRAESTRUTURA E AEROPORTO DE TR\u00caS LAGOAS<\/strong><\/p>\n<p>A primeira reuni\u00e3o aconteceu na AGESUL (Ag\u00eancia Estadual de Gest\u00e3o de Empreendimentos) para discutir o andamento de projetos aprovados para o Aeroporto de Tr\u00eas Lagoas. As melhorias incluem o recapeamento da pista de pouso e decolagem, do taxiway e do p\u00e1tio de aeronaves, al\u00e9m da instala\u00e7\u00e3o do sistema PAPI (Indicador de Trajet\u00f3ria de Aproxima\u00e7\u00e3o de Precis\u00e3o). A segunda fase do projeto prev\u00ea a amplia\u00e7\u00e3o da \u00e1rea de embarque e estacionamentos, preparando o aeroporto para atender \u00e0 crescente demanda.<\/p>\n<p><strong>FORTALECIMENTO DO SETOR PRODUTIVO<\/strong><\/p>\n<p>Outro ponto de destaque foi a reuni\u00e3o com a Reflore MS, onde foram debatidos o Plano Florestal e iniciativas para adensar a cadeia produtiva local. Entre as propostas est\u00e1 a realiza\u00e7\u00e3o de eventos para aproximar empres\u00e1rios e incentivar investimentos nos setores florestal e citr\u00edcola.<\/p>\n<p><strong>CAPACITA\u00c7\u00c3O E INOVA\u00c7\u00c3O TECNOL\u00d3GICA<\/strong><\/p>\n<p>Em reuni\u00e3o com a ag\u00eancia estadual de metrologia (AEM), a Prefeitura discutiu a forma\u00e7\u00e3o de metr\u00f3logos e a\u00e7\u00f5es voltadas \u00e0 Rota Bioce\u00e2nica, que impactar\u00e1 diretamente Tr\u00eas Lagoas como um importante ponto de conex\u00e3o comercial. No Sebrae, foi abordada a cria\u00e7\u00e3o de um laborat\u00f3rio de neg\u00f3cios e startups para fomentar a reten\u00e7\u00e3o de talentos e o desenvolvimento de tecnologias voltadas ao com\u00e9rcio e \u00e0 ind\u00fastria local.<\/p>\n<p><strong>OUTROS PROJETOS ESTRAT\u00c9GICOS<\/strong><\/p>\n<p>Reuni\u00f5es com a Semadesk, FECom\u00e9rcio e Funtrab abordaram temas como a implementa\u00e7\u00e3o do Poupatempo em Tr\u00eas Lagoas, o Porto Seco, a expans\u00e3o da malha ferrovi\u00e1ria e novos cursos de capacita\u00e7\u00e3o para os setores de turismo, hotelaria e gastronomia.<\/p>\n<p>Al\u00e9m disso, foi discutida a cria\u00e7\u00e3o de novas leis municipais para regulamentar o plantio de determinadas culturas, buscando maior equil\u00edbrio ambiental e econ\u00f4mico para o munic\u00edpio.<\/p>\n","protected":false},"excerpt":{"rendered":"<p>Na \u00faltima semana, o secret\u00e1rio de Desenvolvimento Econ\u00f4mico, Ci\u00eancia e Tecnologia, Marcos Junior, acompanhado do diretor de desenvolvimento, Frank Morais, o diretor de Inova\u00e7\u00e3o, Tecnologia e log\u00edstica, Renan Baptista, participaram de uma s\u00e9rie de reuni\u00f5es estrat\u00e9gicas em Campo Grande para tratar de projetos e iniciativas que visam o desenvolvimento de Tr\u00eas Lagoas. Ao todo, foram [&hellip;]<\/p>\n","protected":false},"author":2,"featured_media":32066,"comment_status":"open","ping_status":"open","sticky":false,"template":"","format":"standard","meta":{"om_disable_all_campaigns":false,"_monsterinsights_skip_tracking":false,"_monsterinsights_sitenote_active":false,"_monsterinsights_sitenote_note":"","_monsterinsights_sitenote_category":0,"footnotes":""},"categories":[36,48],"tags":[],"aioseo_notices":[],"_links":{"self":[{"href":"https:\/\/expressaoms.com.br\/index.php\/wp-json\/wp\/v2\/posts\/32065"}],"collection":[{"href":"https:\/\/expressaoms.com.br\/index.php\/wp-json\/wp\/v2\/posts"}],"about":[{"href":"https:\/\/expressaoms.com.br\/index.php\/wp-json\/wp\/v2\/types\/post"}],"author":[{"embeddable":true,"href":"https:\/\/expressaoms.com.br\/index.php\/wp-json\/wp\/v2\/users\/2"}],"replies":[{"embeddable":true,"href":"https:\/\/expressaoms.com.br\/index.php\/wp-json\/wp\/v2\/comments?post=32065"}],"version-history":[{"count":1,"href":"https:\/\/expressaoms.com.br\/index.php\/wp-json\/wp\/v2\/posts\/32065\/revisions"}],"predecessor-version":[{"id":32067,"href":"https:\/\/expressaoms.com.br\/index.php\/wp-json\/wp\/v2\/posts\/32065\/revisions\/32067"}],"wp:featuredmedia":[{"embeddable":true,"href":"https:\/\/expressaoms.com.br\/index.php\/wp-json\/wp\/v2\/media\/32066"}],"wp:attachment":[{"href":"https:\/\/expressaoms.com.br\/index.php\/wp-json\/wp\/v2\/media?parent=32065"}],"wp:term":[{"taxonomy":"category","embeddable":true,"href":"https:\/\/expressaoms.com.br\/index.php\/wp-json\/wp\/v2\/categories?post=32065"},{"taxonomy":"post_tag","embeddable":true,"href":"https:\/\/expressaoms.com.br\/index.php\/wp-json\/wp\/v2\/tags?post=32065"}],"curies":[{"name":"wp","href":"https:\/\/api.w.org\/{rel}","templated":true}]}}