{"id":32111,"date":"2025-01-29T08:51:27","date_gmt":"2025-01-29T12:51:27","guid":{"rendered":"https:\/\/expressaoms.com.br\/?p=32111"},"modified":"2025-01-29T08:51:27","modified_gmt":"2025-01-29T12:51:27","slug":"semec-divulga-lista-de-designacao-da-2a-etapa-de-pre-matriculas-da-reme-2025","status":"publish","type":"post","link":"https:\/\/expressaoms.com.br\/index.php\/2025\/01\/29\/semec-divulga-lista-de-designacao-da-2a-etapa-de-pre-matriculas-da-reme-2025\/","title":{"rendered":"SEMEC divulga lista de designa\u00e7\u00e3o da 2\u00aa etapa de pr\u00e9-matr\u00edculas da REME 2025"},"content":{"rendered":"<p>A Prefeitura de Tr\u00eas Lagoas, por meio da Secretaria de Educa\u00e7\u00e3o e Cultura (SEMEC), divulgou nesta quarta-feira, 29 de janeiro, a 2\u00aa lista de designa\u00e7\u00e3o dos estudantes que realizaram a pr\u00e9-matr\u00edcula para ingressar nas unidades escolares da Rede Municipal de Ensino (REME), no per\u00edodo de \u00a008\/01\/2025 a 24\/01\/2025.<\/p>\n<p>Nesta etapa foram designadas 906 crian\u00e7as. Para consultar a rela\u00e7\u00e3o, pais ou respons\u00e1veis podem acessar o site da Prefeitura<a role=\"link\" href=\"https:\/\/www.treslagoas.ms.gov.br\/secretariasmunicipais\/semec\/matriculareme\/#resultadodesignacao\">, CLICANDO AQUI,\u00a0<\/a>ou nas Unidades de Ensino e na sede da SEMEC na Central de Matr\u00edcula.<\/p>\n<p>Os estudantes designados ter\u00e3o o per\u00edodo de 29\/01\/2025 a 31\/01\/2025 para a efetiva\u00e7\u00e3o da matr\u00edcula. Lembrando que a efetiva\u00e7\u00e3o da matr\u00edcula s\u00f3 se realiza na Unidade com a assinatura do requerimento de matr\u00edcula.<\/p>\n<p>Os pais devem comparecer na Unidade designada com a c\u00f3pia dos seguintes documentos:<\/p>\n<p><strong>Da crian\u00e7a:<\/strong><\/p>\n<ul class=\"wp-block-list\">\n<li>1 Foto 3\u00d74<\/li>\n<li>Cart\u00e3o do SUS (Xerox)<\/li>\n<li>Carteira de Vacina (Xerox)<\/li>\n<li>Certid\u00e3o de Nascimento do estudante (Xerox)<\/li>\n<li>CPF do Estudante (Xerox)<\/li>\n<li>Declara\u00e7\u00e3o de Vacina (Retirar na UBS do Bairro)<\/li>\n<li>Declara\u00e7\u00e3o de Transfer\u00eancia (A partir do 1\u00ba Ano do Ensino Fundamental)<\/li>\n<li>N\u00famero do NIS (para benefici\u00e1rios do Bolsa Fam\u00edlia)<\/li>\n<\/ul>\n<p><strong>Do Respons\u00e1vel<\/strong><\/p>\n<ul class=\"wp-block-list\">\n<li>RG e CPF (Xerox)<\/li>\n<li>Comprovante de Resid\u00eancia atual (Xerox)<\/li>\n<\/ul>\n<p>3<strong>\u00aa ETAPA<\/strong><\/p>\n<p>No dia 03 de fevereiro inicia a 3\u00aa etapa da pr\u00e9-matr\u00edcula tanto para a Educa\u00e7\u00e3o Infantil quanto para o Ensino Fundamental. Para realizar a pr\u00e9-matr\u00edcula, os interessados devem ir presencialmente na Secretaria Municipal de Educa\u00e7\u00e3o \u2013 Central de Matr\u00edcula e seguir os passos apresentados.<\/p>\n<p><strong>D\u00daVIDAS<\/strong><\/p>\n<p>O\u00a0atendimento a poss\u00edveis d\u00favidas poder\u00e1 ser realizado diretamente na Secretaria Municipal de Educa\u00e7\u00e3o \u2013 Central de Matr\u00edculas (Rua Alexandre Costa, 130 \u2013 Centro) e tamb\u00e9m pelos telefones: (67) 3929-1467 ou (67) 99257-2101.<\/p>\n","protected":false},"excerpt":{"rendered":"<p>A Prefeitura de Tr\u00eas Lagoas, por meio da Secretaria de Educa\u00e7\u00e3o e Cultura (SEMEC), divulgou nesta quarta-feira, 29 de janeiro, a 2\u00aa lista de designa\u00e7\u00e3o dos estudantes que realizaram a pr\u00e9-matr\u00edcula para ingressar nas unidades escolares da Rede Municipal de Ensino (REME), no per\u00edodo de \u00a008\/01\/2025 a 24\/01\/2025. Nesta etapa foram designadas 906 crian\u00e7as. Para [&hellip;]<\/p>\n","protected":false},"author":2,"featured_media":32112,"comment_status":"open","ping_status":"open","sticky":false,"template":"","format":"standard","meta":{"om_disable_all_campaigns":false,"_monsterinsights_skip_tracking":false,"_monsterinsights_sitenote_active":false,"_monsterinsights_sitenote_note":"","_monsterinsights_sitenote_category":0,"footnotes":""},"categories":[36,48],"tags":[],"aioseo_notices":[],"_links":{"self":[{"href":"https:\/\/expressaoms.com.br\/index.php\/wp-json\/wp\/v2\/posts\/32111"}],"collection":[{"href":"https:\/\/expressaoms.com.br\/index.php\/wp-json\/wp\/v2\/posts"}],"about":[{"href":"https:\/\/expressaoms.com.br\/index.php\/wp-json\/wp\/v2\/types\/post"}],"author":[{"embeddable":true,"href":"https:\/\/expressaoms.com.br\/index.php\/wp-json\/wp\/v2\/users\/2"}],"replies":[{"embeddable":true,"href":"https:\/\/expressaoms.com.br\/index.php\/wp-json\/wp\/v2\/comments?post=32111"}],"version-history":[{"count":1,"href":"https:\/\/expressaoms.com.br\/index.php\/wp-json\/wp\/v2\/posts\/32111\/revisions"}],"predecessor-version":[{"id":32113,"href":"https:\/\/expressaoms.com.br\/index.php\/wp-json\/wp\/v2\/posts\/32111\/revisions\/32113"}],"wp:featuredmedia":[{"embeddable":true,"href":"https:\/\/expressaoms.com.br\/index.php\/wp-json\/wp\/v2\/media\/32112"}],"wp:attachment":[{"href":"https:\/\/expressaoms.com.br\/index.php\/wp-json\/wp\/v2\/media?parent=32111"}],"wp:term":[{"taxonomy":"category","embeddable":true,"href":"https:\/\/expressaoms.com.br\/index.php\/wp-json\/wp\/v2\/categories?post=32111"},{"taxonomy":"post_tag","embeddable":true,"href":"https:\/\/expressaoms.com.br\/index.php\/wp-json\/wp\/v2\/tags?post=32111"}],"curies":[{"name":"wp","href":"https:\/\/api.w.org\/{rel}","templated":true}]}}