{"id":32117,"date":"2025-01-29T08:54:47","date_gmt":"2025-01-29T12:54:47","guid":{"rendered":"https:\/\/expressaoms.com.br\/?p=32117"},"modified":"2025-01-29T08:54:47","modified_gmt":"2025-01-29T12:54:47","slug":"homem-e-preso-em-flagrante-apos-duas-tentativas-de-furto-no-distrito-industrial-de-tres-lagoas","status":"publish","type":"post","link":"https:\/\/expressaoms.com.br\/index.php\/2025\/01\/29\/homem-e-preso-em-flagrante-apos-duas-tentativas-de-furto-no-distrito-industrial-de-tres-lagoas\/","title":{"rendered":"Homem \u00e9 preso em flagrante ap\u00f3s duas tentativas de furto no Distrito Industrial de Tr\u00eas Lagoas"},"content":{"rendered":"<p>Na tarde desta ter\u00e7a-feira (28), um homem de 55 anos foi preso em flagrante ap\u00f3s tentar furtar um caminh\u00e3o e, minutos depois, uma bateria de ve\u00edculo em uma empresa localizada no Distrito Industrial de Tr\u00eas Lagoas (MS). Natural de Porto Murtinho, ele estava na cidade h\u00e1 poucos dias.<\/p>\n<p>A primeira tentativa ocorreu quando o suspeito tentou dar partida em um caminh\u00e3o da empresa. No entanto, os ve\u00edculos possu\u00edam um sistema de seguran\u00e7a em que as chaves ficavam sob o tapete e os cabos das baterias eram desconectados. Ele foi surpreendido por funcion\u00e1rios e pelo seguran\u00e7a, que o expulsaram e orientaram a n\u00e3o retornar.<\/p>\n<p>Pouco depois, o homem voltou ao local, desta vez invadindo a empresa pelos fundos. Ele foi flagrado segurando uma bateria de caminh\u00e3o e, diante da reincid\u00eancia, a Pol\u00edcia Militar foi acionada. Os agentes chegaram rapidamente e efetuaram a pris\u00e3o em flagrante.<\/p>\n<p>Ao ser detido, o suspeito alegou ser funcion\u00e1rio da empresa, mas a informa\u00e7\u00e3o foi desmentida pelos respons\u00e1veis. Testemunhas relataram que ele apresentava comportamento confuso. Durante o interrogat\u00f3rio, o homem afirmou ser usu\u00e1rio de maconha desde os 16 anos e sugeriu que seu quadro de sa\u00fade poderia estar relacionado \u00e0 esquizofrenia.<\/p>\n<p>A ocorr\u00eancia foi registrada como tentativa de furto na Delegacia de Pol\u00edcia Civil de Tr\u00eas Lagoas. A empresa confirmou que o homem n\u00e3o possu\u00eda qualquer v\u00ednculo empregat\u00edcio com o local.<\/p>\n<p>O caso evidencia a necessidade de pol\u00edticas p\u00fablicas voltadas \u00e0 reabilita\u00e7\u00e3o de dependentes qu\u00edmicos e ao tratamento de transtornos mentais, aliando repress\u00e3o ao crime com assist\u00eancia social e m\u00e9dica para pessoas em situa\u00e7\u00e3o de vulnerabilidade.<\/p>\n","protected":false},"excerpt":{"rendered":"<p>Na tarde desta ter\u00e7a-feira (28), um homem de 55 anos foi preso em flagrante ap\u00f3s tentar furtar um caminh\u00e3o e, minutos depois, uma bateria de ve\u00edculo em uma empresa localizada no Distrito Industrial de Tr\u00eas Lagoas (MS). Natural de Porto Murtinho, ele estava na cidade h\u00e1 poucos dias. A primeira tentativa ocorreu quando o suspeito [&hellip;]<\/p>\n","protected":false},"author":2,"featured_media":32118,"comment_status":"open","ping_status":"open","sticky":false,"template":"","format":"standard","meta":{"om_disable_all_campaigns":false,"_monsterinsights_skip_tracking":false,"_monsterinsights_sitenote_active":false,"_monsterinsights_sitenote_note":"","_monsterinsights_sitenote_category":0,"footnotes":""},"categories":[41,48],"tags":[],"aioseo_notices":[],"_links":{"self":[{"href":"https:\/\/expressaoms.com.br\/index.php\/wp-json\/wp\/v2\/posts\/32117"}],"collection":[{"href":"https:\/\/expressaoms.com.br\/index.php\/wp-json\/wp\/v2\/posts"}],"about":[{"href":"https:\/\/expressaoms.com.br\/index.php\/wp-json\/wp\/v2\/types\/post"}],"author":[{"embeddable":true,"href":"https:\/\/expressaoms.com.br\/index.php\/wp-json\/wp\/v2\/users\/2"}],"replies":[{"embeddable":true,"href":"https:\/\/expressaoms.com.br\/index.php\/wp-json\/wp\/v2\/comments?post=32117"}],"version-history":[{"count":1,"href":"https:\/\/expressaoms.com.br\/index.php\/wp-json\/wp\/v2\/posts\/32117\/revisions"}],"predecessor-version":[{"id":32119,"href":"https:\/\/expressaoms.com.br\/index.php\/wp-json\/wp\/v2\/posts\/32117\/revisions\/32119"}],"wp:featuredmedia":[{"embeddable":true,"href":"https:\/\/expressaoms.com.br\/index.php\/wp-json\/wp\/v2\/media\/32118"}],"wp:attachment":[{"href":"https:\/\/expressaoms.com.br\/index.php\/wp-json\/wp\/v2\/media?parent=32117"}],"wp:term":[{"taxonomy":"category","embeddable":true,"href":"https:\/\/expressaoms.com.br\/index.php\/wp-json\/wp\/v2\/categories?post=32117"},{"taxonomy":"post_tag","embeddable":true,"href":"https:\/\/expressaoms.com.br\/index.php\/wp-json\/wp\/v2\/tags?post=32117"}],"curies":[{"name":"wp","href":"https:\/\/api.w.org\/{rel}","templated":true}]}}