{"id":32120,"date":"2025-01-29T14:07:18","date_gmt":"2025-01-29T18:07:18","guid":{"rendered":"https:\/\/expressaoms.com.br\/?p=32120"},"modified":"2025-01-29T18:12:27","modified_gmt":"2025-01-29T22:12:27","slug":"sms-realiza-palestra-sobre-janeiro-roxo-mes-de-conscientizacao-da-hanseniase-no-senac","status":"publish","type":"post","link":"https:\/\/expressaoms.com.br\/index.php\/2025\/01\/29\/sms-realiza-palestra-sobre-janeiro-roxo-mes-de-conscientizacao-da-hanseniase-no-senac\/","title":{"rendered":"SMS realiza palestra sobre Janeiro Roxo, m\u00eas de conscientiza\u00e7\u00e3o da hansen\u00edase no SENAC"},"content":{"rendered":"<p>Seguindo o cronograma das a\u00e7\u00f5es do \u201cJaneiro Roxo\u201d, m\u00eas de conscientiza\u00e7\u00e3o sobre a hansen\u00edase, a Prefeitura de Tr\u00eas Lagoa, atrav\u00e9s do Programa Municipal de Controle da Hansen\u00edase da Secretaria Municipal de Sa\u00fade (SMS) realizou uma palestra no Servi\u00e7o Nacional de Aprendizagem Comercial (SENAC) no dia 28 de maio.<\/p>\n<p>A palestra foi ministrada pela enfermeira Camila Cattanio da SMS, que apresentou informa\u00e7\u00f5es essenciais sobre a doen\u00e7a para os alunos do curso t\u00e9cnico em enfermagem do SENAC.<\/p>\n<p>Durante o encontro, foram abordados temas como formas de transmiss\u00e3o, sintomas, diagn\u00f3stico precoce, tratamento e a import\u00e2ncia do combate ao estigma relacionado \u00e0 hansen\u00edase.<\/p>\n<p><strong>JANEIRO ROXO<\/strong><\/p>\n<p>O m\u00eas ganhou a cor roxa para alertar e conscientizar a sociedade sobre o combate \u00e0 hansen\u00edase. A doen\u00e7a, cercada de preconceitos e estigma, \u00e9 contagiosa, mas, tem controle e tratamento oferecidos gratuitamente pelo Sistema \u00danico de Sa\u00fade (SUS).<\/p>\n<p>A contamina\u00e7\u00e3o ocorre pelo Mycobacterium leprae e, por atingir os nervos, uma das primeiras sequelas \u00e9 a perda de sensibilidade da pele. Em muitos casos tamb\u00e9m h\u00e1 perda ou comprometimento severo dos movimentos que, em casos mais graves, pode levar \u00e0 amputa\u00e7\u00e3o.<\/p>\n<p>Sinais como manchas na pele com altera\u00e7\u00e3o da sensibilidade, dores na articula\u00e7\u00e3o, edemas e n\u00f3dulos no corpo, s\u00e3o alguns dos sintomas da Hansen\u00edase. Ao surgir esses sinais, n\u00e3o perca tempo e procure a Unidade de Sa\u00fade da Fam\u00edlia (USF) refer\u00eancia do seu bairro.<\/p>\n","protected":false},"excerpt":{"rendered":"<p>Seguindo o cronograma das a\u00e7\u00f5es do \u201cJaneiro Roxo\u201d, m\u00eas de conscientiza\u00e7\u00e3o sobre a hansen\u00edase, a Prefeitura de Tr\u00eas Lagoa, atrav\u00e9s do Programa Municipal de Controle da Hansen\u00edase da Secretaria Municipal de Sa\u00fade (SMS) realizou uma palestra no Servi\u00e7o Nacional de Aprendizagem Comercial (SENAC) no dia 28 de maio. A palestra foi ministrada pela enfermeira Camila [&hellip;]<\/p>\n","protected":false},"author":2,"featured_media":32121,"comment_status":"open","ping_status":"open","sticky":false,"template":"","format":"standard","meta":{"om_disable_all_campaigns":false,"_monsterinsights_skip_tracking":false,"_monsterinsights_sitenote_active":false,"_monsterinsights_sitenote_note":"","_monsterinsights_sitenote_category":0,"footnotes":""},"categories":[36,48],"tags":[],"aioseo_notices":[],"_links":{"self":[{"href":"https:\/\/expressaoms.com.br\/index.php\/wp-json\/wp\/v2\/posts\/32120"}],"collection":[{"href":"https:\/\/expressaoms.com.br\/index.php\/wp-json\/wp\/v2\/posts"}],"about":[{"href":"https:\/\/expressaoms.com.br\/index.php\/wp-json\/wp\/v2\/types\/post"}],"author":[{"embeddable":true,"href":"https:\/\/expressaoms.com.br\/index.php\/wp-json\/wp\/v2\/users\/2"}],"replies":[{"embeddable":true,"href":"https:\/\/expressaoms.com.br\/index.php\/wp-json\/wp\/v2\/comments?post=32120"}],"version-history":[{"count":1,"href":"https:\/\/expressaoms.com.br\/index.php\/wp-json\/wp\/v2\/posts\/32120\/revisions"}],"predecessor-version":[{"id":32122,"href":"https:\/\/expressaoms.com.br\/index.php\/wp-json\/wp\/v2\/posts\/32120\/revisions\/32122"}],"wp:featuredmedia":[{"embeddable":true,"href":"https:\/\/expressaoms.com.br\/index.php\/wp-json\/wp\/v2\/media\/32121"}],"wp:attachment":[{"href":"https:\/\/expressaoms.com.br\/index.php\/wp-json\/wp\/v2\/media?parent=32120"}],"wp:term":[{"taxonomy":"category","embeddable":true,"href":"https:\/\/expressaoms.com.br\/index.php\/wp-json\/wp\/v2\/categories?post=32120"},{"taxonomy":"post_tag","embeddable":true,"href":"https:\/\/expressaoms.com.br\/index.php\/wp-json\/wp\/v2\/tags?post=32120"}],"curies":[{"name":"wp","href":"https:\/\/api.w.org\/{rel}","templated":true}]}}