{"id":32209,"date":"2025-02-04T16:28:41","date_gmt":"2025-02-04T20:28:41","guid":{"rendered":"https:\/\/expressaoms.com.br\/?p=32209"},"modified":"2025-02-04T16:55:49","modified_gmt":"2025-02-04T20:55:49","slug":"cassiano-participa-de-sessao-na-camara-fala-de-projetos-e-expoe-problemas-encontrados-na-prefeitura","status":"publish","type":"post","link":"https:\/\/expressaoms.com.br\/index.php\/2025\/02\/04\/cassiano-participa-de-sessao-na-camara-fala-de-projetos-e-expoe-problemas-encontrados-na-prefeitura\/","title":{"rendered":"Cassiano participa de sess\u00e3o na C\u00e2mara, fala de projetos e exp\u00f5e problemas encontrados na prefeitura"},"content":{"rendered":"<p>O prefeito de Tr\u00eas Lagoas, Dr. Cassiano Maia, participou na manh\u00e3 desta ter\u00e7a-feira (4), da sess\u00e3o de abertura dos trabalhos legislativos da C\u00e2mara de Vereadores. O prefeito apresentou aos vereadores e p\u00fablico presente as suas 21 metas que pretende implantar no munic\u00edpio durante seu mandato e apontou tamb\u00e9m alguns problemas encontrados que tomaram muito tempo de sua equipe e, em alguns casos, tiveram que tomar medidas dr\u00e1sticas para tentar solucionar o problema, como \u00e9 o caso da demiss\u00e3o de cargos comissionados, pois estava al\u00e9m do limite tolerado e risco de cometer improbidade administrativa.<\/p>\n<p>Fazendo uma apresenta\u00e7\u00e3o dos projetos das diversas secretarias, Dr. Cassiano Maia apresentou quest\u00f5es como macrodrenagem que precisam ser feitas para melhor escoar a capta\u00e7\u00e3o de \u00e1guas e direcionar para os c\u00f3rregos da On\u00e7a e Jardim Bras\u00edlia; 100% de ruas asfaltadas; conv\u00eanios com o Estado para zerar as filas de exames e cirurgias, al\u00e9m do projeto de implantar uma nova unidade de sa\u00fade 24hs no bairro Vila Nova; Cl\u00ednica Escola para atendimentos a autistas; conv\u00eanio com o Sesi para reativa\u00e7\u00e3o da antiga escola e uma parte ser direcionada para creche desafogando um n\u00famero grande de demanda hoje existente no munic\u00edpio; transforma\u00e7\u00e3o em funda\u00e7\u00f5es os departamentos de cultura e turismo, al\u00e9m da secretaria de Esportes; manuten\u00e7\u00e3o e amplia\u00e7\u00e3o dos projetos sociais hoje existentes na Secretaria de Assist\u00eancia Social; implanta\u00e7\u00e3o de um Porto Seco com \u00e1rea extensa para atender a demanda hoje existente no munic\u00edpio e ainda, com o projeto da Rota Bioce\u00e2nica, o prefeito pretende que Tr\u00eas Lagoas seja a entrada da rota no Estado; climatiza\u00e7\u00e3o da feira central, aprova\u00e7\u00e3o de Plano Diretor desburocratizado, dentre outras importantes a\u00e7\u00f5es.<\/p>\n<p>Dr. Cassiano anunciou o que considera a 21\u00aa meta de seu governo que \u00e9 implantar um sistema anticorrup\u00e7\u00e3o com aplica\u00e7\u00e3o de compliance e controle interno. Essas fun\u00e7\u00f5es estar\u00e3o ligadas diretamente ao gabinete do prefeito.<\/p>\n<p>O prefeito, ao final de sua fala, anunciou o vereador Sargento Rodrigues como o l\u00edder do prefeito na C\u00e2mara Municipal.<\/p>\n<h2>Limite de gasto com Folha<\/h2>\n<p>Chamou a aten\u00e7\u00e3o dos presentes, tanto da imprensa quanto do meio pol\u00edtico, algumas informa\u00e7\u00f5es passadas pelo prefeito do porqu\u00ea teve que fazer um corte dr\u00e1stico no quadro de servidores comissionados, com uma demiss\u00e3o jamais vista na hist\u00f3ria do munic\u00edpio, como tamb\u00e9m reorganizar as quest\u00f5es de horas extras, plant\u00f5es, gratifica\u00e7\u00f5es, etc.<\/p>\n<p>Segundo apresentou Dr. Cassiano Maia, ao tomar conhecimento do quadro pr\u00f3ximo ao limite permitido por lei, ainda em 2024, ele decidiu avisar os funcion\u00e1rios que seriam impactados, para que se preparassem a partir do m\u00eas de janeiro e n\u00e3o fizesse gastos contando com renda, pois as exonera\u00e7\u00f5es teriam que obrigatoriamente ser realizadas.<\/p>\n<p><img fetchpriority=\"high\" decoding=\"async\" class=\"alignnone size-full wp-image-32211\" src=\"https:\/\/expressaoms.com.br\/wp-content\/uploads\/2025\/02\/apresentacao-1.png\" alt=\"\" width=\"1221\" height=\"528\" srcset=\"https:\/\/expressaoms.com.br\/wp-content\/uploads\/2025\/02\/apresentacao-1.png 1221w, https:\/\/expressaoms.com.br\/wp-content\/uploads\/2025\/02\/apresentacao-1-300x130.png 300w, https:\/\/expressaoms.com.br\/wp-content\/uploads\/2025\/02\/apresentacao-1-1024x443.png 1024w, https:\/\/expressaoms.com.br\/wp-content\/uploads\/2025\/02\/apresentacao-1-768x332.png 768w, https:\/\/expressaoms.com.br\/wp-content\/uploads\/2025\/02\/apresentacao-1-600x259.png 600w\" sizes=\"(max-width: 1221px) 100vw, 1221px\" \/><\/p>\n<p>Num quadro apresentado (veja imagem abaixo), o prefeito apontou que o limite de 48% com Folha de Pagamento j\u00e1 \u00e9 um alerta para o gestor municipal, a partir de 53,1%, segundo a lei, o prefeito j\u00e1 n\u00e3o pode mais contratar, conceder gratifica\u00e7\u00f5es e outros penduricalhos aos servidores. De acordo com o prefeito, ele recebeu a prefeitura com 53,8% da arrecada\u00e7\u00e3o comprometida com Folha de Pagamento e teve que reduzir para chegar no limite que considera mais prudente, ou seja, 53,1%. &#8220;Hoje, com nossas medidas, alcan\u00e7amos 53,7%, mas ainda precisamos reduzir mais e aumentar a arrecada\u00e7\u00e3o. Tenho certeza de que atingiremos nossas metas para cumprir a Lei de Responsabilidade Fiscal&#8221;, disse Dr. Cassiano.<\/p>\n<p><img decoding=\"async\" class=\"alignnone size-full wp-image-32212\" src=\"https:\/\/expressaoms.com.br\/wp-content\/uploads\/2025\/02\/apresentacao-2.png\" alt=\"\" width=\"1208\" height=\"437\" srcset=\"https:\/\/expressaoms.com.br\/wp-content\/uploads\/2025\/02\/apresentacao-2.png 1208w, https:\/\/expressaoms.com.br\/wp-content\/uploads\/2025\/02\/apresentacao-2-300x109.png 300w, https:\/\/expressaoms.com.br\/wp-content\/uploads\/2025\/02\/apresentacao-2-1024x370.png 1024w, https:\/\/expressaoms.com.br\/wp-content\/uploads\/2025\/02\/apresentacao-2-768x278.png 768w, https:\/\/expressaoms.com.br\/wp-content\/uploads\/2025\/02\/apresentacao-2-600x217.png 600w\" sizes=\"(max-width: 1208px) 100vw, 1208px\" \/><\/p>\n<p>Segundo o prefeito \u00e9 necess\u00e1ria essa a\u00e7\u00e3o ousada e corajosa para poder atender as demandas da popula\u00e7\u00e3o com servidores capacitados e motivados, al\u00e9m de cumprir algumas de suas metas como implanta\u00e7\u00e3o de benef\u00edcios, pol\u00edtica de reajuste, atualiza\u00e7\u00e3o do Plano de Cargo, Carreiras e Sal\u00e1rios, melhoria em pr\u00e9dios p\u00fablicos e condi\u00e7\u00f5es de trabalho e jornada de trabalho de 6 horas.<\/p>\n<h2>Ilumina\u00e7\u00e3o<\/h2>\n<p>Outra reclama\u00e7\u00e3o da popula\u00e7\u00e3o neste m\u00eas de janeiro \u00e0 secretaria de infraestrutura foi em rela\u00e7\u00e3o \u00e0 ilumina\u00e7\u00e3o p\u00fablica. Dr. Cassiano disse que pegou a cidade escura e, ao receber in\u00fameras reclama\u00e7\u00f5es, foi se inteirar do que realmente estava acontecendo.<\/p>\n<p>Ao convocar a empresa contratada pela prefeitura para realizar a manuten\u00e7\u00e3o da ilumina\u00e7\u00e3o p\u00fablica, o propriet\u00e1rio informou que seu contrato \u00e9 para fazer a manuten\u00e7\u00e3o em 2.800 pontos de ilumina\u00e7\u00e3o mas que, nos \u00faltimos tr\u00eas meses de 2024, recebeu a ordem para reduzir para apenas 1.000 pontos, o que acabou gerando essa grande demanda de pontos com problemas ou l\u00e2mpadas queimadas.<\/p>\n<p>De acordo com o prefeito, ele solicitou \u00e0 empresa e foi prontamente atendido pelo propriet\u00e1rio para que seja realizada uma for\u00e7a tarefa neste m\u00eas de fevereiro para sanar a demanda at\u00e9 o final do m\u00eas e os servi\u00e7os j\u00e1 come\u00e7aram.<\/p>\n<h2>C\u00e2meras de Monitoramento<\/h2>\n<p>Um assunto considerado priorit\u00e1rio para a gest\u00e3o de Cassiano Maia, a seguran\u00e7a, tamb\u00e9m foi abordado em seu pronunciamento na sess\u00e3o. Mesmo sendo responsabilidade do Estado a quest\u00e3o da Seguran\u00e7a P\u00fablica, o munic\u00edpio tem contribu\u00eddo com a gest\u00e3o no tr\u00e2nsito e com c\u00e2meras de monitoramento.<\/p>\n<p><img decoding=\"async\" class=\"alignnone size-full wp-image-32213\" src=\"https:\/\/expressaoms.com.br\/wp-content\/uploads\/2025\/02\/apresentacao-4.png\" alt=\"\" width=\"909\" height=\"478\" srcset=\"https:\/\/expressaoms.com.br\/wp-content\/uploads\/2025\/02\/apresentacao-4.png 909w, https:\/\/expressaoms.com.br\/wp-content\/uploads\/2025\/02\/apresentacao-4-300x158.png 300w, https:\/\/expressaoms.com.br\/wp-content\/uploads\/2025\/02\/apresentacao-4-768x404.png 768w, https:\/\/expressaoms.com.br\/wp-content\/uploads\/2025\/02\/apresentacao-4-600x316.png 600w\" sizes=\"(max-width: 909px) 100vw, 909px\" \/><\/p>\n<p>Ocorre que foram instaladas c\u00e2meras em v\u00e1rios locais no ano passado mas n\u00e3o puderam entrar em funcionamento tendo em vista que foram detectadas irregularidades no processo licitat\u00f3rio para funcionamento das c\u00e2meras e o processo ainda est\u00e1 em fase de estudos para que sejam, agora, sanadas as irregularidades apontadas.<\/p>\n<h2>Casas Populares<\/h2>\n<p>Outro tema abordado pelo prefeito em seu pronunciamento foi em rela\u00e7\u00e3o \u00e0 habita\u00e7\u00e3o, assunto muito cobrado na gest\u00e3o passada que praticamente n\u00e3o deu a devida aten\u00e7\u00e3o e n\u00e3o entregou casas populares \u00e0 popula\u00e7\u00e3o. As prefeitas Simone Tebet e M\u00e1rcia Moura juntas, entregaram mais de 4 mil unidades habitacionais em 12 anos e o ex-prefeito Angelo Guerreiro n\u00e3o entregou nem 5% desse total ao longo de seus 8 anos de mandato.<\/p>\n<p>Ao final do mandato, em 2024, o ent\u00e3o prefeito Angelo Guerreiro anunciou em parceria com o Governo do Estado, um projeto de constru\u00e7\u00e3o de 192 casas populares.<\/p>\n<p><img loading=\"lazy\" decoding=\"async\" class=\"alignnone size-full wp-image-32214\" src=\"https:\/\/expressaoms.com.br\/wp-content\/uploads\/2025\/02\/apresentacao-3.png\" alt=\"\" width=\"940\" height=\"448\" srcset=\"https:\/\/expressaoms.com.br\/wp-content\/uploads\/2025\/02\/apresentacao-3.png 940w, https:\/\/expressaoms.com.br\/wp-content\/uploads\/2025\/02\/apresentacao-3-300x143.png 300w, https:\/\/expressaoms.com.br\/wp-content\/uploads\/2025\/02\/apresentacao-3-768x366.png 768w, https:\/\/expressaoms.com.br\/wp-content\/uploads\/2025\/02\/apresentacao-3-600x286.png 600w\" sizes=\"(max-width: 940px) 100vw, 940px\" \/><\/p>\n<p>Conforme anunciado nesta ter\u00e7a, pelo atual prefeito, o projeto foi cancelado por irregularidades no chamamento p\u00fablico e o contrato tamb\u00e9m cancelado. Tudo ter\u00e1 que ser refeito novamente para n\u00e3o perder essas unidades habitacionais e ent\u00e3o ir em busca de outras unidades para cumprir uma de suas metas de campanha que \u00e9 a constru\u00e7\u00e3o de 1.000 unidades durante o mandato.<\/p>\n<p>Foram anunciadas a constru\u00e7\u00e3o de 50 unidades habitacionais em conv\u00eanio com o Governo do Estado no bairro Jardim das Violetas.<\/p>\n<p><img loading=\"lazy\" decoding=\"async\" class=\"alignnone size-full wp-image-32215\" src=\"https:\/\/expressaoms.com.br\/wp-content\/uploads\/2025\/02\/54306997858_438744ffc6_o.jpg\" alt=\"\" width=\"1920\" height=\"1280\" srcset=\"https:\/\/expressaoms.com.br\/wp-content\/uploads\/2025\/02\/54306997858_438744ffc6_o.jpg 1920w, https:\/\/expressaoms.com.br\/wp-content\/uploads\/2025\/02\/54306997858_438744ffc6_o-300x200.jpg 300w, https:\/\/expressaoms.com.br\/wp-content\/uploads\/2025\/02\/54306997858_438744ffc6_o-1024x683.jpg 1024w, https:\/\/expressaoms.com.br\/wp-content\/uploads\/2025\/02\/54306997858_438744ffc6_o-768x512.jpg 768w, https:\/\/expressaoms.com.br\/wp-content\/uploads\/2025\/02\/54306997858_438744ffc6_o-1536x1024.jpg 1536w, https:\/\/expressaoms.com.br\/wp-content\/uploads\/2025\/02\/54306997858_438744ffc6_o-600x400.jpg 600w\" sizes=\"(max-width: 1920px) 100vw, 1920px\" \/><\/p>\n<h2>Vereadores<\/h2>\n<p>Ao final do pronunciamento do prefeito Dr. Cassiano Maia, os vereadores que far\u00e3o parte da atual legislatura fizeram uso da palavra por 3 minutos cada, dando as boas vindas e anunciando algumas de suas metas e projetos que pretendem implantar.<\/p>\n<p><img loading=\"lazy\" decoding=\"async\" class=\"alignnone size-full wp-image-32216\" src=\"https:\/\/expressaoms.com.br\/wp-content\/uploads\/2025\/02\/54307185300_38acafbe15_k.jpg\" alt=\"\" width=\"1920\" height=\"1280\" srcset=\"https:\/\/expressaoms.com.br\/wp-content\/uploads\/2025\/02\/54307185300_38acafbe15_k.jpg 1920w, https:\/\/expressaoms.com.br\/wp-content\/uploads\/2025\/02\/54307185300_38acafbe15_k-300x200.jpg 300w, https:\/\/expressaoms.com.br\/wp-content\/uploads\/2025\/02\/54307185300_38acafbe15_k-1024x683.jpg 1024w, https:\/\/expressaoms.com.br\/wp-content\/uploads\/2025\/02\/54307185300_38acafbe15_k-768x512.jpg 768w, https:\/\/expressaoms.com.br\/wp-content\/uploads\/2025\/02\/54307185300_38acafbe15_k-1536x1024.jpg 1536w, https:\/\/expressaoms.com.br\/wp-content\/uploads\/2025\/02\/54307185300_38acafbe15_k-600x400.jpg 600w\" sizes=\"(max-width: 1920px) 100vw, 1920px\" \/><\/p>\n<p>O presidente da C\u00e2mara, vereador Antonio Luiz Teixeira Empke J\u00fanior, o Tonh\u00e3o, tamb\u00e9m usou a palavra. \u201cEstou no sexto mandato e nunca vi um momento t\u00e3o forte e grande como agora\u201d, afirmou. Ele ressaltou que tem percebido enorme empenho dos vereadores eleitos e reeleitos e sintonia, com o objetivo comum de trabalho o que, em sua vis\u00e3o, far\u00e1 toda diferen\u00e7a para o desenvolvimento s\u00f3cio-econ\u00f4mico do munic\u00edpio.<\/p>\n<p>Tonh\u00e3o tamb\u00e9m afirmou que, como ordenador de despesas e gestor da C\u00e2mara, tem objetivos, como ouvir os vereadores e os servidores, informatizar o Legislativo, atualizar o Plano de Cargo e Carreiras, o Regimento Interno e a Lei Org\u00e2nica Municipal, al\u00e9m de implantar o Parlamento Jovem e o Parlamento Mirim.<\/p>\n<p>Tonh\u00e3o, antes de encerrar, solicitou ao presidente da Assembleia de Deus Minist\u00e9rio do Bel\u00e9m em Tr\u00eas Lagoas &#8211; ADTL, pastor Eduardo Lopes, que fizesse uma ora\u00e7\u00e3o pela cidade, pelas autoridades e popula\u00e7\u00e3o de Tr\u00eas Lagoas.<\/p>\n<p>A partir da pr\u00f3xima ter\u00e7a-feira (11) os trabalhos legislativos na C\u00e2mara de Vereadores retomam suas atividades normais.<\/p>\n<p>&nbsp;<\/p>\n<p>&nbsp;<\/p>\n","protected":false},"excerpt":{"rendered":"<p>O prefeito de Tr\u00eas Lagoas, Dr. Cassiano Maia, participou na manh\u00e3 desta ter\u00e7a-feira (4), da sess\u00e3o de abertura dos trabalhos legislativos da C\u00e2mara de Vereadores. O prefeito apresentou aos vereadores e p\u00fablico presente as suas 21 metas que pretende implantar no munic\u00edpio durante seu mandato e apontou tamb\u00e9m alguns problemas encontrados que tomaram muito tempo [&hellip;]<\/p>\n","protected":false},"author":3,"featured_media":32217,"comment_status":"open","ping_status":"open","sticky":false,"template":"","format":"standard","meta":{"om_disable_all_campaigns":false,"_monsterinsights_skip_tracking":false,"_monsterinsights_sitenote_active":false,"_monsterinsights_sitenote_note":"","_monsterinsights_sitenote_category":0,"footnotes":""},"categories":[42,48],"tags":[],"aioseo_notices":[],"_links":{"self":[{"href":"https:\/\/expressaoms.com.br\/index.php\/wp-json\/wp\/v2\/posts\/32209"}],"collection":[{"href":"https:\/\/expressaoms.com.br\/index.php\/wp-json\/wp\/v2\/posts"}],"about":[{"href":"https:\/\/expressaoms.com.br\/index.php\/wp-json\/wp\/v2\/types\/post"}],"author":[{"embeddable":true,"href":"https:\/\/expressaoms.com.br\/index.php\/wp-json\/wp\/v2\/users\/3"}],"replies":[{"embeddable":true,"href":"https:\/\/expressaoms.com.br\/index.php\/wp-json\/wp\/v2\/comments?post=32209"}],"version-history":[{"count":5,"href":"https:\/\/expressaoms.com.br\/index.php\/wp-json\/wp\/v2\/posts\/32209\/revisions"}],"predecessor-version":[{"id":32221,"href":"https:\/\/expressaoms.com.br\/index.php\/wp-json\/wp\/v2\/posts\/32209\/revisions\/32221"}],"wp:featuredmedia":[{"embeddable":true,"href":"https:\/\/expressaoms.com.br\/index.php\/wp-json\/wp\/v2\/media\/32217"}],"wp:attachment":[{"href":"https:\/\/expressaoms.com.br\/index.php\/wp-json\/wp\/v2\/media?parent=32209"}],"wp:term":[{"taxonomy":"category","embeddable":true,"href":"https:\/\/expressaoms.com.br\/index.php\/wp-json\/wp\/v2\/categories?post=32209"},{"taxonomy":"post_tag","embeddable":true,"href":"https:\/\/expressaoms.com.br\/index.php\/wp-json\/wp\/v2\/tags?post=32209"}],"curies":[{"name":"wp","href":"https:\/\/api.w.org\/{rel}","templated":true}]}}