{"id":32274,"date":"2025-02-07T11:20:58","date_gmt":"2025-02-07T15:20:58","guid":{"rendered":"https:\/\/expressaoms.com.br\/?p=32274"},"modified":"2025-02-07T11:20:58","modified_gmt":"2025-02-07T15:20:58","slug":"mulher-morde-homem-durante-surto-em-tres-lagoas-vitima-era-foragido-da-justica","status":"publish","type":"post","link":"https:\/\/expressaoms.com.br\/index.php\/2025\/02\/07\/mulher-morde-homem-durante-surto-em-tres-lagoas-vitima-era-foragido-da-justica\/","title":{"rendered":"Mulher morde homem durante surto em Tr\u00eas Lagoas; v\u00edtima era foragido da Justi\u00e7a"},"content":{"rendered":"<p>Uma mulher de aproximadamente 30 anos foi conduzida \u00e0 Delegacia de Pronto Atendimento Comunit\u00e1rio (Depac) na manh\u00e3 desta sexta-feira (7), ap\u00f3s morder e quase decepar os dedos de um homem de 60 anos no bairro Jardim Montanini, em Tr\u00eas Lagoas.<\/p>\n<p>A Pol\u00edcia Militar foi acionada por moradores que relataram que a mulher, em aparente surto psiqui\u00e1trico, atacou o homem e passou a xingar transeuntes e bater nos port\u00f5es das casas, causando tumulto.<\/p>\n<p>A suspeita alegou que foi sequestrada e agredida por pessoas que n\u00e3o aceitavam seu relacionamento com uma familiar dos supostos agressores, por quest\u00f5es religiosas. Para se defender, afirmou ter mordido o homem, que teria tentado agredi-la com uma p\u00e1. J\u00e1 familiares da v\u00edtima disseram que a mulher frequentemente causa perturba\u00e7\u00e3o na regi\u00e3o e que o homem agiu em leg\u00edtima defesa.<\/p>\n<p>Ele foi socorrido ao Hospital Auxiliadora, onde recebeu atendimento m\u00e9dico e permaneceu em observa\u00e7\u00e3o. A mulher, por sua vez, foi encaminhada para avalia\u00e7\u00e3o m\u00e9dica antes de ser levada \u00e0 delegacia.<\/p>\n<p>Durante a coleta de informa\u00e7\u00f5es no hospital, os policiais realizaram uma checagem nos dados do homem atacado e descobriram que ele tinha um mandado de pris\u00e3o em aberto expedido pela Justi\u00e7a do Estado de S\u00e3o Paulo. Diante da constata\u00e7\u00e3o, ele tamb\u00e9m foi detido e levado \u00e0 delegacia.<\/p>\n","protected":false},"excerpt":{"rendered":"<p>Uma mulher de aproximadamente 30 anos foi conduzida \u00e0 Delegacia de Pronto Atendimento Comunit\u00e1rio (Depac) na manh\u00e3 desta sexta-feira (7), ap\u00f3s morder e quase decepar os dedos de um homem de 60 anos no bairro Jardim Montanini, em Tr\u00eas Lagoas. A Pol\u00edcia Militar foi acionada por moradores que relataram que a mulher, em aparente surto [&hellip;]<\/p>\n","protected":false},"author":2,"featured_media":30334,"comment_status":"open","ping_status":"open","sticky":false,"template":"","format":"standard","meta":{"om_disable_all_campaigns":false,"_monsterinsights_skip_tracking":false,"_monsterinsights_sitenote_active":false,"_monsterinsights_sitenote_note":"","_monsterinsights_sitenote_category":0,"footnotes":""},"categories":[41,48],"tags":[],"aioseo_notices":[],"_links":{"self":[{"href":"https:\/\/expressaoms.com.br\/index.php\/wp-json\/wp\/v2\/posts\/32274"}],"collection":[{"href":"https:\/\/expressaoms.com.br\/index.php\/wp-json\/wp\/v2\/posts"}],"about":[{"href":"https:\/\/expressaoms.com.br\/index.php\/wp-json\/wp\/v2\/types\/post"}],"author":[{"embeddable":true,"href":"https:\/\/expressaoms.com.br\/index.php\/wp-json\/wp\/v2\/users\/2"}],"replies":[{"embeddable":true,"href":"https:\/\/expressaoms.com.br\/index.php\/wp-json\/wp\/v2\/comments?post=32274"}],"version-history":[{"count":1,"href":"https:\/\/expressaoms.com.br\/index.php\/wp-json\/wp\/v2\/posts\/32274\/revisions"}],"predecessor-version":[{"id":32276,"href":"https:\/\/expressaoms.com.br\/index.php\/wp-json\/wp\/v2\/posts\/32274\/revisions\/32276"}],"wp:featuredmedia":[{"embeddable":true,"href":"https:\/\/expressaoms.com.br\/index.php\/wp-json\/wp\/v2\/media\/30334"}],"wp:attachment":[{"href":"https:\/\/expressaoms.com.br\/index.php\/wp-json\/wp\/v2\/media?parent=32274"}],"wp:term":[{"taxonomy":"category","embeddable":true,"href":"https:\/\/expressaoms.com.br\/index.php\/wp-json\/wp\/v2\/categories?post=32274"},{"taxonomy":"post_tag","embeddable":true,"href":"https:\/\/expressaoms.com.br\/index.php\/wp-json\/wp\/v2\/tags?post=32274"}],"curies":[{"name":"wp","href":"https:\/\/api.w.org\/{rel}","templated":true}]}}