{"id":32313,"date":"2025-02-10T09:50:36","date_gmt":"2025-02-10T13:50:36","guid":{"rendered":"https:\/\/expressaoms.com.br\/?p=32313"},"modified":"2025-02-10T09:50:36","modified_gmt":"2025-02-10T13:50:36","slug":"prf-registra-duas-ocorrencias-de-trafico-de-drogas-durante-o-final-de-semana","status":"publish","type":"post","link":"https:\/\/expressaoms.com.br\/index.php\/2025\/02\/10\/prf-registra-duas-ocorrencias-de-trafico-de-drogas-durante-o-final-de-semana\/","title":{"rendered":"PRF registra duas ocorr\u00eancias de tr\u00e1fico de drogas durante o final de semana."},"content":{"rendered":"<p>No final da tarde de s\u00e1bado (08), na BR-262 em frente a Unidade Operacional da PRF em \u00c1gua Clara (MS), uma equipe da Pol\u00edcia Rodovi\u00e1ria Federal (PRF) abordou uma Van de transporte intermunicipal de passageiros que fazia a linha Campo Grande (MS) a Tr\u00eas Lagoas (MS).<\/p>\n<p>Durante a entrevista, um dos passageiros apresentou muito nervosismo e respostas contradit\u00f3rias sobre sua origem e destino. Durante vistoria nas bagagens do passageiro a equipe localizou 10 kg de maconha. Ele informou que transportava a droga de Colorado (RO), mas n\u00e3o soube dizer onde entregaria. O passageiro foi preso e encaminhado a Delegacia de Pol\u00edcia Civil em \u00c1gua (MS).<\/p>\n<p>J\u00e1 na manh\u00e3 de domingo (09), equipes da PRF realizavam rondas na BR-158 pr\u00f3ximo ao per\u00edmetro urbano de Tr\u00eas Lagoas (MS) quando deram ordem de parada a um autom\u00f3vel Renault Sandero cinza, por\u00e9m o condutor n\u00e3o obedeceu e fugiu em alta velocidade realizando diversas ultrapassagens e avan\u00e7o de sinais vermelhos no per\u00edmetro urbano da cidade, at\u00e9 perder o controle de dire\u00e7\u00e3o na rotat\u00f3ria da Avenida Ranulpho Marques Leal (BR-262) sa\u00edda para Selv\u00edria (MS).<\/p>\n<p>Dentro do ve\u00edculo os policiais localizaram grande quantidade de maconha que ap\u00f3s pesagem totalizou 193 kg da droga, al\u00e9m de 400 gramas de cocaina.<\/p>\n<p>O condutor foi preso e encaminhado a DEPAC em Tr\u00eas Lagoas (MS).<\/p>\n","protected":false},"excerpt":{"rendered":"<p>No final da tarde de s\u00e1bado (08), na BR-262 em frente a Unidade Operacional da PRF em \u00c1gua Clara (MS), uma equipe da Pol\u00edcia Rodovi\u00e1ria Federal (PRF) abordou uma Van de transporte intermunicipal de passageiros que fazia a linha Campo Grande (MS) a Tr\u00eas Lagoas (MS). Durante a entrevista, um dos passageiros apresentou muito nervosismo [&hellip;]<\/p>\n","protected":false},"author":2,"featured_media":32314,"comment_status":"open","ping_status":"open","sticky":false,"template":"","format":"standard","meta":{"om_disable_all_campaigns":false,"_monsterinsights_skip_tracking":false,"_monsterinsights_sitenote_active":false,"_monsterinsights_sitenote_note":"","_monsterinsights_sitenote_category":0,"footnotes":""},"categories":[189,27,41,48],"tags":[],"aioseo_notices":[],"_links":{"self":[{"href":"https:\/\/expressaoms.com.br\/index.php\/wp-json\/wp\/v2\/posts\/32313"}],"collection":[{"href":"https:\/\/expressaoms.com.br\/index.php\/wp-json\/wp\/v2\/posts"}],"about":[{"href":"https:\/\/expressaoms.com.br\/index.php\/wp-json\/wp\/v2\/types\/post"}],"author":[{"embeddable":true,"href":"https:\/\/expressaoms.com.br\/index.php\/wp-json\/wp\/v2\/users\/2"}],"replies":[{"embeddable":true,"href":"https:\/\/expressaoms.com.br\/index.php\/wp-json\/wp\/v2\/comments?post=32313"}],"version-history":[{"count":1,"href":"https:\/\/expressaoms.com.br\/index.php\/wp-json\/wp\/v2\/posts\/32313\/revisions"}],"predecessor-version":[{"id":32315,"href":"https:\/\/expressaoms.com.br\/index.php\/wp-json\/wp\/v2\/posts\/32313\/revisions\/32315"}],"wp:featuredmedia":[{"embeddable":true,"href":"https:\/\/expressaoms.com.br\/index.php\/wp-json\/wp\/v2\/media\/32314"}],"wp:attachment":[{"href":"https:\/\/expressaoms.com.br\/index.php\/wp-json\/wp\/v2\/media?parent=32313"}],"wp:term":[{"taxonomy":"category","embeddable":true,"href":"https:\/\/expressaoms.com.br\/index.php\/wp-json\/wp\/v2\/categories?post=32313"},{"taxonomy":"post_tag","embeddable":true,"href":"https:\/\/expressaoms.com.br\/index.php\/wp-json\/wp\/v2\/tags?post=32313"}],"curies":[{"name":"wp","href":"https:\/\/api.w.org\/{rel}","templated":true}]}}