{"id":32345,"date":"2025-02-11T13:16:49","date_gmt":"2025-02-11T17:16:49","guid":{"rendered":"https:\/\/expressaoms.com.br\/?p=32345"},"modified":"2025-02-11T13:16:49","modified_gmt":"2025-02-11T17:16:49","slug":"em-brasilia-prefeita-adriane-lopes-recebe-premio-nacional-por-investimentos-na-educacao","status":"publish","type":"post","link":"https:\/\/expressaoms.com.br\/index.php\/2025\/02\/11\/em-brasilia-prefeita-adriane-lopes-recebe-premio-nacional-por-investimentos-na-educacao\/","title":{"rendered":"Em Bras\u00edlia, prefeita Adriane Lopes recebe pr\u00eamio nacional por investimentos na Educa\u00e7\u00e3o"},"content":{"rendered":"<p>A prefeita de Campo Grande, Adriane Lopes, recebeu nesta segunda-feira (10) o Selo Ouro no \u201cCompromisso Nacional com a Alfabetiza\u00e7\u00e3o\u201d. A premia\u00e7\u00e3o faz parte do programa Crian\u00e7a Alfabetizada (CNCA) do Minist\u00e9rio da Educa\u00e7\u00e3o (MEC) e reflete o compromisso da gest\u00e3o em promover pol\u00edticas p\u00fablicas eficazes e inovadoras para a alfabetiza\u00e7\u00e3o, alinhadas \u00e0s metas do Plano Nacional de Educa\u00e7\u00e3o (PNE), e destaca a gest\u00e3o de qualidade da capital do MS, que tem transformado o setor educacional na cidade. A cerim\u00f4nia foi realizada nesta tarde em Bras\u00edlia.<\/p>\n<p>O Selo Ouro \u00e9 concedido \u00e0s secretarias de Educa\u00e7\u00e3o que adotam boas pr\u00e1ticas e atingem pontua\u00e7\u00f5es entre 85 e 100 pontos, destacando-se em estrat\u00e9gias que garantem a alfabetiza\u00e7\u00e3o das crian\u00e7as at\u00e9 o final do 2\u00ba ano do ensino fundamental.<\/p>\n<p>Campo Grande obteve 100 pontos, um resultado que reflete o empenho e a dedica\u00e7\u00e3o de todos os envolvidos na educa\u00e7\u00e3o das crian\u00e7as do munic\u00edpio. Durante o ano, foram realizadas a\u00e7\u00f5es alinhadas aos 20 crit\u00e9rios estabelecidos para a obten\u00e7\u00e3o do selo.<\/p>\n<p>\u201cPara Campo Grande, conquistar o Selo reflete nosso investimento cont\u00ednuo na Educa\u00e7\u00e3o. Em apenas dois anos e meio obtivemos indicadores positivos e isso \u00e9 muito importante, pois investimentos na infraestrutura, no ensino, na valoriza\u00e7\u00e3o dos profissionais, merenda de qualidade, al\u00e9m de outros setores da Educa\u00e7\u00e3o. A nossa capital \u00e9 refer\u00eancia nacional no ensino e est\u00e1 sendo reconhecida a n\u00edvel nacional pelo Minist\u00e9rio da Educa\u00e7\u00e3o [MEC]\u201d, pontuou a prefeita Adriane Lopes, durante a cerim\u00f4nia de entrega da premia\u00e7\u00e3o.<\/p>\n<p><img fetchpriority=\"high\" decoding=\"async\" class=\"alignnone size-full wp-image-32346\" src=\"https:\/\/expressaoms.com.br\/wp-content\/uploads\/2025\/02\/WhatsApp-Image-2025-02-10-at-16.20.25.jpeg\" alt=\"\" width=\"720\" height=\"601\" srcset=\"https:\/\/expressaoms.com.br\/wp-content\/uploads\/2025\/02\/WhatsApp-Image-2025-02-10-at-16.20.25.jpeg 720w, https:\/\/expressaoms.com.br\/wp-content\/uploads\/2025\/02\/WhatsApp-Image-2025-02-10-at-16.20.25-300x250.jpeg 300w, https:\/\/expressaoms.com.br\/wp-content\/uploads\/2025\/02\/WhatsApp-Image-2025-02-10-at-16.20.25-600x501.jpeg 600w\" sizes=\"(max-width: 720px) 100vw, 720px\" \/><\/p>\n<h2><strong>Investimentos na Educa\u00e7\u00e3o<\/strong><\/h2>\n<p>O resultado positivo que levou Campo Grande ao Selo Ouro \u00e9 fruto de uma s\u00e9rie de a\u00e7\u00f5es cont\u00ednuas implementadas pela gest\u00e3o municipal. As entregas de uniformes e kits escolares para todos os alunos da REME, somada ao cuidado com a infraestrutura e \u00e0 oferta de novas vagas, demonstra o compromisso da gest\u00e3o municipal com a qualidade da educa\u00e7\u00e3o e a cria\u00e7\u00e3o de um ambiente prop\u00edcio ao aprendizado.<\/p>\n<p>Al\u00e9m disso, a cria\u00e7\u00e3o de 6.600 novas vagas para a educa\u00e7\u00e3o infantil e ensino fundamental garantiu que mais crian\u00e7as tivessem acesso a uma educa\u00e7\u00e3o de qualidade, sempre buscando alocar os alunos o mais pr\u00f3ximo poss\u00edvel de suas resid\u00eancias.<\/p>\n<p>Outro destaque foi o programa \u201cJuntos Pela Escola\u201d, que promoveu uma ampla revitaliza\u00e7\u00e3o das 206 unidades escolares da REME, com interven\u00e7\u00f5es que v\u00e3o desde melhorias el\u00e9tricas e hidr\u00e1ulicas at\u00e9 a pintura e a acessibilidade, garantindo escolas mais seguras e adequadas para o aprendizado. Al\u00e9m disso, a constru\u00e7\u00e3o das salas de aula modulares foi uma solu\u00e7\u00e3o eficaz para suprir a crescente demanda, especialmente em regi\u00f5es com alta densidade populacional, como o Bairro Moreninhas 4, que ganhou 10 novas salas, gerando 600 vagas extras.<\/p>\n<h2><strong>Infraestrutura modernizada e foco no pedag\u00f3gico<\/strong><\/h2>\n<p>A Prefeitura tamb\u00e9m investiu em moderniza\u00e7\u00e3o e sustentabilidade. A instala\u00e7\u00e3o de placas solares nas escolas, por exemplo, reduziu os custos com energia e promoveu um ambiente mais ecol\u00f3gico. O mobili\u00e1rio novo, tanto para os alunos quanto para os servidores, tamb\u00e9m demonstra o cuidado com a estrutura das escolas: mais de 46 mil itens foram distribu\u00eddos nas unidades, incluindo conjuntos de mesas e cadeiras e arm\u00e1rios novos.<br \/>\nNo campo pedag\u00f3gico, o projeto \u201cAprender Mais\u201d, pioneiro no Brasil, focado na recomposi\u00e7\u00e3o da aprendizagem em turmas do 4\u00ba e 5\u00ba anos, foi ampliado para 2024, atendendo tamb\u00e9m alunos do 7\u00ba e 8\u00ba anos com dificuldades em L\u00edngua Portuguesa e Matem\u00e1tica. Com a participa\u00e7\u00e3o de 363 professores e o atendimento a 8,7 mil alunos, a iniciativa se destaca como um dos pilares da evolu\u00e7\u00e3o educacional de Campo Grande.<\/p>\n<h2><strong>Avan\u00e7os para 2025<\/strong><\/h2>\n<p>Em 2025, novas a\u00e7\u00f5es est\u00e3o previstas, como a continuidade do \u201cJuntos Pela Escola\u201d, a entrega de mais obras de revitaliza\u00e7\u00e3o e o fortalecimento dos projetos pedag\u00f3gicos que t\u00eam mostrado resultados concretos. O compromisso com a forma\u00e7\u00e3o continuada de servidores e a entrega de novas unidades escolares, como as EMEIs S\u00e3o Conrado e Oliveira III, s\u00e3o exemplos da dedica\u00e7\u00e3o da gest\u00e3o municipal em continuar ampliando e melhorando a educa\u00e7\u00e3o para todos.<\/p>\n<p>A conquista do Selo Ouro refor\u00e7a que o caminho trilhado pela atual gest\u00e3o administrativa de Campo Grande, com foco em planejamento, investimentos estrat\u00e9gicos e uma gest\u00e3o eficiente, est\u00e1 transformando a educa\u00e7\u00e3o em Campo Grande. O resultado \u00e9 uma rede municipal que n\u00e3o s\u00f3 cumpre suas metas, mas supera expectativas, garantindo um futuro promissor para as crian\u00e7as e jovens da capital.<\/p>\n","protected":false},"excerpt":{"rendered":"<p>A prefeita de Campo Grande, Adriane Lopes, recebeu nesta segunda-feira (10) o Selo Ouro no \u201cCompromisso Nacional com a Alfabetiza\u00e7\u00e3o\u201d. A premia\u00e7\u00e3o faz parte do programa Crian\u00e7a Alfabetizada (CNCA) do Minist\u00e9rio da Educa\u00e7\u00e3o (MEC) e reflete o compromisso da gest\u00e3o em promover pol\u00edticas p\u00fablicas eficazes e inovadoras para a alfabetiza\u00e7\u00e3o, alinhadas \u00e0s metas do Plano [&hellip;]<\/p>\n","protected":false},"author":3,"featured_media":32347,"comment_status":"open","ping_status":"open","sticky":false,"template":"","format":"standard","meta":{"om_disable_all_campaigns":false,"_monsterinsights_skip_tracking":false,"_monsterinsights_sitenote_active":false,"_monsterinsights_sitenote_note":"","_monsterinsights_sitenote_category":0,"footnotes":""},"categories":[27],"tags":[],"aioseo_notices":[],"_links":{"self":[{"href":"https:\/\/expressaoms.com.br\/index.php\/wp-json\/wp\/v2\/posts\/32345"}],"collection":[{"href":"https:\/\/expressaoms.com.br\/index.php\/wp-json\/wp\/v2\/posts"}],"about":[{"href":"https:\/\/expressaoms.com.br\/index.php\/wp-json\/wp\/v2\/types\/post"}],"author":[{"embeddable":true,"href":"https:\/\/expressaoms.com.br\/index.php\/wp-json\/wp\/v2\/users\/3"}],"replies":[{"embeddable":true,"href":"https:\/\/expressaoms.com.br\/index.php\/wp-json\/wp\/v2\/comments?post=32345"}],"version-history":[{"count":1,"href":"https:\/\/expressaoms.com.br\/index.php\/wp-json\/wp\/v2\/posts\/32345\/revisions"}],"predecessor-version":[{"id":32348,"href":"https:\/\/expressaoms.com.br\/index.php\/wp-json\/wp\/v2\/posts\/32345\/revisions\/32348"}],"wp:featuredmedia":[{"embeddable":true,"href":"https:\/\/expressaoms.com.br\/index.php\/wp-json\/wp\/v2\/media\/32347"}],"wp:attachment":[{"href":"https:\/\/expressaoms.com.br\/index.php\/wp-json\/wp\/v2\/media?parent=32345"}],"wp:term":[{"taxonomy":"category","embeddable":true,"href":"https:\/\/expressaoms.com.br\/index.php\/wp-json\/wp\/v2\/categories?post=32345"},{"taxonomy":"post_tag","embeddable":true,"href":"https:\/\/expressaoms.com.br\/index.php\/wp-json\/wp\/v2\/tags?post=32345"}],"curies":[{"name":"wp","href":"https:\/\/api.w.org\/{rel}","templated":true}]}}