{"id":32403,"date":"2025-02-12T16:38:38","date_gmt":"2025-02-12T20:38:38","guid":{"rendered":"https:\/\/expressaoms.com.br\/?p=32403"},"modified":"2025-02-12T16:38:38","modified_gmt":"2025-02-12T20:38:38","slug":"prefeitura-e-governo-do-estado-buscam-alternativas-para-manter-operacoes-aereas-em-tres-lagoas","status":"publish","type":"post","link":"https:\/\/expressaoms.com.br\/index.php\/2025\/02\/12\/prefeitura-e-governo-do-estado-buscam-alternativas-para-manter-operacoes-aereas-em-tres-lagoas\/","title":{"rendered":"Prefeitura e Governo do Estado buscam alternativas para manter opera\u00e7\u00f5es a\u00e9reas em Tr\u00eas Lagoas"},"content":{"rendered":"<p data-raofz=\"16\">A Prefeitura de Tr\u00eas Lagoas, por meio da Secretaria Municipal de Desenvolvimento Econ\u00f4mico, Ci\u00eancia e Tecnologia (SEDECT), segue buscando solu\u00e7\u00f5es para que Tr\u00eas Lagoas n\u00e3o sofra com a paraliza\u00e7\u00e3o das opera\u00e7\u00f5es da Azul Linhas A\u00e9reas.<\/p>\n<p data-raofz=\"16\">Nesta ter\u00e7a-feira, 11 de fevereiro, o secret\u00e1rio Marcos Ant\u00f4nio Gomes J\u00fanior e o diretor Renan Baptista se reuniram com Marcos Tognato, especialista da GOL, para avaliar a possibilidade de novas opera\u00e7\u00f5es no Aeroporto Municipal.<\/p>\n<p data-raofz=\"16\">A decis\u00e3o da Azul, prevista para entrar em vigor a partir de 10 de mar\u00e7o, segue uma estrat\u00e9gia nacional da companhia, que vem ajustando sua malha a\u00e9rea devido \u00e0 limita\u00e7\u00e3o da frota de aeronaves. Diversas cidades do pa\u00eds foram afetadas por essa reestrutura\u00e7\u00e3o, incluindo Tr\u00eas Lagoas.<\/p>\n<p data-raofz=\"16\">A Prefeitura tem trabalhado em conjunto com o Governo do Estado para encontrar solu\u00e7\u00f5es que garantam a continuidade do transporte a\u00e9reo no munic\u00edpio, buscando alternativas vi\u00e1veis que atendam \u00e0 demanda local e minimizem impactos econ\u00f4micos e log\u00edsticos.<\/p>\n<p data-raofz=\"16\">\n","protected":false},"excerpt":{"rendered":"<p>A Prefeitura de Tr\u00eas Lagoas, por meio da Secretaria Municipal de Desenvolvimento Econ\u00f4mico, Ci\u00eancia e Tecnologia (SEDECT), segue buscando solu\u00e7\u00f5es para que Tr\u00eas Lagoas n\u00e3o sofra com a paraliza\u00e7\u00e3o das opera\u00e7\u00f5es da Azul Linhas A\u00e9reas. Nesta ter\u00e7a-feira, 11 de fevereiro, o secret\u00e1rio Marcos Ant\u00f4nio Gomes J\u00fanior e o diretor Renan Baptista se reuniram com Marcos [&hellip;]<\/p>\n","protected":false},"author":3,"featured_media":32404,"comment_status":"open","ping_status":"open","sticky":false,"template":"","format":"standard","meta":{"om_disable_all_campaigns":false,"_monsterinsights_skip_tracking":false,"_monsterinsights_sitenote_active":false,"_monsterinsights_sitenote_note":"","_monsterinsights_sitenote_category":0,"footnotes":""},"categories":[36,48],"tags":[],"aioseo_notices":[],"_links":{"self":[{"href":"https:\/\/expressaoms.com.br\/index.php\/wp-json\/wp\/v2\/posts\/32403"}],"collection":[{"href":"https:\/\/expressaoms.com.br\/index.php\/wp-json\/wp\/v2\/posts"}],"about":[{"href":"https:\/\/expressaoms.com.br\/index.php\/wp-json\/wp\/v2\/types\/post"}],"author":[{"embeddable":true,"href":"https:\/\/expressaoms.com.br\/index.php\/wp-json\/wp\/v2\/users\/3"}],"replies":[{"embeddable":true,"href":"https:\/\/expressaoms.com.br\/index.php\/wp-json\/wp\/v2\/comments?post=32403"}],"version-history":[{"count":1,"href":"https:\/\/expressaoms.com.br\/index.php\/wp-json\/wp\/v2\/posts\/32403\/revisions"}],"predecessor-version":[{"id":32405,"href":"https:\/\/expressaoms.com.br\/index.php\/wp-json\/wp\/v2\/posts\/32403\/revisions\/32405"}],"wp:featuredmedia":[{"embeddable":true,"href":"https:\/\/expressaoms.com.br\/index.php\/wp-json\/wp\/v2\/media\/32404"}],"wp:attachment":[{"href":"https:\/\/expressaoms.com.br\/index.php\/wp-json\/wp\/v2\/media?parent=32403"}],"wp:term":[{"taxonomy":"category","embeddable":true,"href":"https:\/\/expressaoms.com.br\/index.php\/wp-json\/wp\/v2\/categories?post=32403"},{"taxonomy":"post_tag","embeddable":true,"href":"https:\/\/expressaoms.com.br\/index.php\/wp-json\/wp\/v2\/tags?post=32403"}],"curies":[{"name":"wp","href":"https:\/\/api.w.org\/{rel}","templated":true}]}}