{"id":32462,"date":"2025-02-14T09:15:17","date_gmt":"2025-02-14T13:15:17","guid":{"rendered":"https:\/\/expressaoms.com.br\/?p=32462"},"modified":"2025-02-14T09:15:17","modified_gmt":"2025-02-14T13:15:17","slug":"mais-de-500-terrenos-foram-multados-em-2025-devido-a-mato-alto-e-sujeira","status":"publish","type":"post","link":"https:\/\/expressaoms.com.br\/index.php\/2025\/02\/14\/mais-de-500-terrenos-foram-multados-em-2025-devido-a-mato-alto-e-sujeira\/","title":{"rendered":"Mais de 500 terrenos foram multados em 2025 devido a mato alto e sujeira"},"content":{"rendered":"<p data-raofz=\"16\">Quem comunicou ou denunciou quer saber: ser\u00e1 que a Prefeitura multou aquele terreno sujo? Somente nos primeiros meses de 2025, o Setor de Fiscaliza\u00e7\u00e3o de Obras j\u00e1 emitiu 513 autos de infra\u00e7\u00e3o a propriet\u00e1rios que n\u00e3o mantiveram seus im\u00f3veis limpos.<\/p>\n<p data-raofz=\"16\">Desde 2023, com a altera\u00e7\u00e3o da Lei n\u00ba 3.344, foi extinta a notifica\u00e7\u00e3o e o prazo para que o propriet\u00e1rio realizasse a limpeza antes da aplica\u00e7\u00e3o da multa. Agora, assim que o fiscal identifica o im\u00f3vel em situa\u00e7\u00e3o irregular, o auto de infra\u00e7\u00e3o deve ser emitido imediatamente. Atualmente, o valor da multa corresponde a 0,25 UFIM por metro quadrado do terreno.<\/p>\n<p data-raofz=\"16\">A medida tem como principal objetivo preservar a sa\u00fade p\u00fablica do Munic\u00edpio, j\u00e1 que terrenos sujos s\u00e3o ambientes prop\u00edcios para a prolifera\u00e7\u00e3o de mosquitos da dengue, Chikungunya, zika e leishmaniose, al\u00e9m de favorecerem o descarte irregular de lixo, m\u00f3veis velhos e at\u00e9 animais mortos, agravando ainda mais os problemas urbanos.<\/p>\n<p data-raofz=\"16\">A fiscaliza\u00e7\u00e3o ser\u00e1 intensificada ao longo do ano, especialmente devido \u00e0 expans\u00e3o de novos loteamentos e condom\u00ednios em Tr\u00eas Lagoas. Al\u00e9m disso, terminado o prazo legal para recurso, caso o im\u00f3vel permane\u00e7a sujo, o propriet\u00e1rio poder\u00e1 ser multado novamente.<\/p>\n","protected":false},"excerpt":{"rendered":"<p>Quem comunicou ou denunciou quer saber: ser\u00e1 que a Prefeitura multou aquele terreno sujo? Somente nos primeiros meses de 2025, o Setor de Fiscaliza\u00e7\u00e3o de Obras j\u00e1 emitiu 513 autos de infra\u00e7\u00e3o a propriet\u00e1rios que n\u00e3o mantiveram seus im\u00f3veis limpos. Desde 2023, com a altera\u00e7\u00e3o da Lei n\u00ba 3.344, foi extinta a notifica\u00e7\u00e3o e o [&hellip;]<\/p>\n","protected":false},"author":2,"featured_media":32463,"comment_status":"open","ping_status":"open","sticky":false,"template":"","format":"standard","meta":{"om_disable_all_campaigns":false,"_monsterinsights_skip_tracking":false,"_monsterinsights_sitenote_active":false,"_monsterinsights_sitenote_note":"","_monsterinsights_sitenote_category":0,"footnotes":""},"categories":[36,48],"tags":[],"aioseo_notices":[],"_links":{"self":[{"href":"https:\/\/expressaoms.com.br\/index.php\/wp-json\/wp\/v2\/posts\/32462"}],"collection":[{"href":"https:\/\/expressaoms.com.br\/index.php\/wp-json\/wp\/v2\/posts"}],"about":[{"href":"https:\/\/expressaoms.com.br\/index.php\/wp-json\/wp\/v2\/types\/post"}],"author":[{"embeddable":true,"href":"https:\/\/expressaoms.com.br\/index.php\/wp-json\/wp\/v2\/users\/2"}],"replies":[{"embeddable":true,"href":"https:\/\/expressaoms.com.br\/index.php\/wp-json\/wp\/v2\/comments?post=32462"}],"version-history":[{"count":1,"href":"https:\/\/expressaoms.com.br\/index.php\/wp-json\/wp\/v2\/posts\/32462\/revisions"}],"predecessor-version":[{"id":32464,"href":"https:\/\/expressaoms.com.br\/index.php\/wp-json\/wp\/v2\/posts\/32462\/revisions\/32464"}],"wp:featuredmedia":[{"embeddable":true,"href":"https:\/\/expressaoms.com.br\/index.php\/wp-json\/wp\/v2\/media\/32463"}],"wp:attachment":[{"href":"https:\/\/expressaoms.com.br\/index.php\/wp-json\/wp\/v2\/media?parent=32462"}],"wp:term":[{"taxonomy":"category","embeddable":true,"href":"https:\/\/expressaoms.com.br\/index.php\/wp-json\/wp\/v2\/categories?post=32462"},{"taxonomy":"post_tag","embeddable":true,"href":"https:\/\/expressaoms.com.br\/index.php\/wp-json\/wp\/v2\/tags?post=32462"}],"curies":[{"name":"wp","href":"https:\/\/api.w.org\/{rel}","templated":true}]}}