{"id":32476,"date":"2025-02-14T09:39:28","date_gmt":"2025-02-14T13:39:28","guid":{"rendered":"https:\/\/expressaoms.com.br\/?p=32476"},"modified":"2025-02-14T09:39:28","modified_gmt":"2025-02-14T13:39:28","slug":"boletim-epidemiologico-ms-registra-673-casos-confirmados-de-dengue","status":"publish","type":"post","link":"https:\/\/expressaoms.com.br\/index.php\/2025\/02\/14\/boletim-epidemiologico-ms-registra-673-casos-confirmados-de-dengue\/","title":{"rendered":"Boletim Epidemiol\u00f3gico: MS registra 673 casos confirmados de dengue"},"content":{"rendered":"<p>Mato Grosso do Sul j\u00e1 registrou 1.953 casos prov\u00e1veis de Dengue, sendo 673 casos confirmados, em 2025. Estes dados foram apresentados no boletim referente \u00e0 6\u00aa semana epidemiol\u00f3gica, divulgado pela SES (Secretaria de Estado de Sa\u00fade) nesta quinta-feira (13). Segundo o documento, 1 \u00f3bito foi confirmado em decorr\u00eancia da doen\u00e7a e outros 2 est\u00e3o em investiga\u00e7\u00e3o.<\/p>\n<p>Nos \u00faltimos 14 dias, Pedro Gomes, Japor\u00e3, Selv\u00edria, Inoc\u00eancia e Jate\u00ed registraram incid\u00eancia m\u00e9dia de casos confirmados para doen\u00e7a. J\u00e1 o \u00f3bito registrado ocorreu no munic\u00edpio Inoc\u00eancia.<\/p>\n<p><strong>Vacina\u00e7\u00e3o<\/strong><\/p>\n<p>Ainda conforme o boletim, 146.300 doses do imunizante j\u00e1 foram aplicadas para idade permitida na bula na popula\u00e7\u00e3o. Ao todo, Mato Grosso do Sul j\u00e1 recebeu do Minist\u00e9rio da Sa\u00fade 207.796 doses do imunizante contra a dengue. O esquema vacinal \u00e9 composto por duas doses com intervalo de tr\u00eas meses entre as doses.<\/p>\n<p>A vacina\u00e7\u00e3o contra a dengue \u00e9 recomendada para crian\u00e7as e adolescentes entre 10 e 14 anos, 11 meses e 29 dias de idade, faixa et\u00e1ria que concentra o maior n\u00famero de hospitaliza\u00e7\u00e3o por dengue, dentro do quadro de crian\u00e7as e adolescentes de 6 a 16 anos de idade.<\/p>\n<p><strong>Chikungunya<\/strong><\/p>\n<p>Em rela\u00e7\u00e3o \u00e0 Chikungunya, o Estado j\u00e1 registrou 1.102 casos prov\u00e1veis, sendo 106 confirmados. N\u00e3o h\u00e1 \u00f3bitos registrados. A SES alerta que as pessoas devem evitar a automedica\u00e7\u00e3o. Em caso de sintomas de dengue ou Chikungunya, a recomenda\u00e7\u00e3o \u00e9 procurar uma unidade de sa\u00fade do munic\u00edpio.<\/p>\n<p>Confira os boletins:<\/p>\n<p><a href=\"https:\/\/agenciadenoticias.ms.gov.br\/wp-content\/uploads\/2025\/02\/Boletim-Epidemiologico-Dengue-SE-06-2025.pdf\">Boletim Epidemiol\u00f3gico Dengue SE 06 &#8211; 2025<\/a><\/p>\n<p><a href=\"https:\/\/agenciadenoticias.ms.gov.br\/wp-content\/uploads\/2025\/02\/Boletim-Epidemiologico-Chikungunya-SE-06-2025.pdf\">Boletim Epidemiol\u00f3gico Chikungunya SE 06 &#8211; 2025<\/a><\/p>\n","protected":false},"excerpt":{"rendered":"<p>Mato Grosso do Sul j\u00e1 registrou 1.953 casos prov\u00e1veis de Dengue, sendo 673 casos confirmados, em 2025. Estes dados foram apresentados no boletim referente \u00e0 6\u00aa semana epidemiol\u00f3gica, divulgado pela SES (Secretaria de Estado de Sa\u00fade) nesta quinta-feira (13). Segundo o documento, 1 \u00f3bito foi confirmado em decorr\u00eancia da doen\u00e7a e outros 2 est\u00e3o em [&hellip;]<\/p>\n","protected":false},"author":2,"featured_media":32477,"comment_status":"open","ping_status":"open","sticky":false,"template":"","format":"standard","meta":{"om_disable_all_campaigns":false,"_monsterinsights_skip_tracking":false,"_monsterinsights_sitenote_active":false,"_monsterinsights_sitenote_note":"","_monsterinsights_sitenote_category":0,"footnotes":""},"categories":[36,266,44],"tags":[],"aioseo_notices":[],"_links":{"self":[{"href":"https:\/\/expressaoms.com.br\/index.php\/wp-json\/wp\/v2\/posts\/32476"}],"collection":[{"href":"https:\/\/expressaoms.com.br\/index.php\/wp-json\/wp\/v2\/posts"}],"about":[{"href":"https:\/\/expressaoms.com.br\/index.php\/wp-json\/wp\/v2\/types\/post"}],"author":[{"embeddable":true,"href":"https:\/\/expressaoms.com.br\/index.php\/wp-json\/wp\/v2\/users\/2"}],"replies":[{"embeddable":true,"href":"https:\/\/expressaoms.com.br\/index.php\/wp-json\/wp\/v2\/comments?post=32476"}],"version-history":[{"count":1,"href":"https:\/\/expressaoms.com.br\/index.php\/wp-json\/wp\/v2\/posts\/32476\/revisions"}],"predecessor-version":[{"id":32478,"href":"https:\/\/expressaoms.com.br\/index.php\/wp-json\/wp\/v2\/posts\/32476\/revisions\/32478"}],"wp:featuredmedia":[{"embeddable":true,"href":"https:\/\/expressaoms.com.br\/index.php\/wp-json\/wp\/v2\/media\/32477"}],"wp:attachment":[{"href":"https:\/\/expressaoms.com.br\/index.php\/wp-json\/wp\/v2\/media?parent=32476"}],"wp:term":[{"taxonomy":"category","embeddable":true,"href":"https:\/\/expressaoms.com.br\/index.php\/wp-json\/wp\/v2\/categories?post=32476"},{"taxonomy":"post_tag","embeddable":true,"href":"https:\/\/expressaoms.com.br\/index.php\/wp-json\/wp\/v2\/tags?post=32476"}],"curies":[{"name":"wp","href":"https:\/\/api.w.org\/{rel}","templated":true}]}}